{"id":6460,"date":"2022-10-27T08:42:00","date_gmt":"2022-10-27T06:42:00","guid":{"rendered":"https:\/\/virtualnimuzej.aspira.hr\/?p=6460"},"modified":"2022-10-28T22:38:47","modified_gmt":"2022-10-28T20:38:47","slug":"historia-de-la-familia-jelovina","status":"publish","type":"post","link":"https:\/\/virtualnimuzej.aspira.hr\/es\/historia-de-la-familia-jelovina\/","title":{"rendered":"Historia de la familia Jelovina"},"content":{"rendered":"<p>&nbsp;<\/p>\n<p>&nbsp;<\/p>\n<p>&nbsp;<\/p>\n<p>Zvonko Jelovina y su historia familiar:<\/p>\n<p>Nuestra historia familiar comienza en Croacia, durante la guerra de los pa\u00edses balc\u00e1nicos (se refiere a la Segunda guerra mundial), mientras ocurr\u00edan los enfrentamientos entre fuerzas partisanas y tropas del ej\u00e9rcito croata.<\/p>\n<p>La familia materna estaba conformada por Maria Frank, Franc Zele y sus hijos Maria, Bernarda, Franc , Zvonko e Ivan.<\/p>\n<p>Como parte de las tropas Croatas se encontraban alistados mis t\u00edos Frank y Zvonko, los cuales durante un combate fueron heridos por las fuerzas del Mariscal Tito.<\/p>\n<p>Debido a estas heridas fueron internados en un hospital de Zagreb, capital de Croacia, donde fueron visitados durante semanas por mis abuelos , un d\u00eda durante una de sus visitas encontraron sus camas vac\u00edas , las autoridades del nosocomio les informaron que ambos hab\u00edan sido secuestrados por sus enemigos, agregando adem\u00e1s, que no los buscaran y que se cuidaran todos los hombres de la familia, ya que estaban siendo buscados para ser eliminados.<\/p>\n<p>En ese momento mi abuelo Franc junto a su hijo menor Ivan de 17 a\u00f1os, deciden r\u00e1pidamente huir a la rep\u00fablica de Italia, llegando a un campo de refugiados de la cruz roja internacional en 1945.<\/p>\n<p>Al mismo tiempo mi padre Marko Jelovina, ex soldado de las fuerzas armadas croatas, huye con un grupo de compa\u00f1eros del ej\u00e9rcito a trav\u00e9s de las costas del Mar Adri\u00e1tico, llegando a la frontera de Trieste, l\u00edmite con Italia y se incorpora tambi\u00e9n a un campo de refugiados de la cruz roja.<\/p>\n<p>Mientras tanto en la casa materna desconocen por varios meses el paradero del padre y de su hijo Iv\u00e1n.<\/p>\n<p>Una noche sigilosamente se acerca un se\u00f1or y le dice a Mar\u00eda, que su marido Franc y su hijo Ivan se encuentran en Italia, en un campo de refugiados de la ciudad de N\u00e1poles.\u00a0Al conocer esta noticia , la hija mayor llamada Mar\u00eda fue r\u00e1pidamente en su b\u00fasqueda.<\/p>\n<p>Despu\u00e9s de varios d\u00edas de viaje, lleg\u00f3 a dicho campo preguntando por su padre y su hermano, pero le informan que fueron trasladados a otro campo ya que todos los croatas hab\u00edan sido destinados en un campo en la localidad de Ancona, frente al mar Adri\u00e1tico llamado Campo Fermo.<\/p>\n<p>Una vez llegada a la entrada de campo Fermo, Mar\u00eda comienza a preguntar por Franc e Iv\u00e1n Zele, sin obtener respuestas, espero durante horas en la puerta del campo hasta que un joven del lugar la reconoce como hija de Franc Zela, este joven hab\u00eda visto muchas veces la fotograf\u00eda que su padre expon\u00eda en el cuarto que compart\u00edan.<\/p>\n<p>De esta manera Mar\u00eda logr\u00f3 encontrar a su padre y hermano, adem\u00e1s sin saberlo tambi\u00e9n hab\u00eda encontrado al hombre que se convertir\u00eda en su esposo y padre de sus hijos, Marko Jelovina, el joven que la hab\u00eda reconocido por una fotograf\u00eda.<\/p>\n<p>Luego Mar\u00eda, regres\u00f3 a Croacia en busca de su madre y su hermana Bernarda, reuniendo as\u00ed nuevamente la familia, ya\u00a0con la familia unida todos en Italia,\u00a0 finalmente nace en campo Fermo el romance entre Marko y Mar\u00eda , amor del que nac\u00ed yo, el d\u00eda 18 de mayo de 1947.<\/p>\n<p>La historia continua con nuevos destinos para la familia, en primera instancia la ciudad de Hamburgo en Alemania, donde nace el segundo hijo de la pareja, mi hermano Alberto.\u00a0Mientras se buscaban distintos destinos para emigrar de Europa, una de las posibilidades fue Estados Unidos, pero por enfermedad m\u00eda perdimos la partida de ese barco, luego\u00a0lleg\u00f3\u00a0otra oportunidad Australia, pero esta vez se enferm\u00f3 mi hermano Alberto, por lo nuevamente se\u00a0frustr\u00f3\u00a0un destino.<\/p>\n<p>Entonces mi abuelo Franc, que segu\u00eda buscando destinos para la familia, encuentra como oportunidad de viajar a la Argentina, pa\u00eds con grandes oportunidades para personas trabajadoras y adem\u00e1s con una persona que a trav\u00e9s de la cruz roja internacional ubicaba a los desaparecidos durante la guerra, esa persona se llamaba Eva Duarte de Per\u00f3n.<\/p>\n<p>Con mucha esperanza y proyectos toda la familia se embarc\u00f3 rumbo a Argentina, llegando a este hermoso pa\u00eds el d\u00eda 25 de marzo de 1949.<\/p>\n<p>Una vez en suelo Argentino,\u00a0 Franc\u00a0 logra a trav\u00e9s de la colectividad croata una reuni\u00f3n con \u00abEvita\u00bb, a quien le relata la historia de sus dos hijos desaparecidos mientras se encontraban internados en un hospital de Croacia, por las fuerzas Partisanas del Mariscal Tito.<\/p>\n<p>Luego de varios meses de la entrevista con Evita, llega una carta procedente de Presidencia de la Naci\u00f3n, donde se explicaba que durante las fechas de la desaparici\u00f3n de sus hijos Franc y Zvonko, todos los soldados que se encontraban en ese hospital fueron fusilados en una fosa com\u00fan, por lo tanto, sus restos no podr\u00edan ser encontrados.<\/p>\n<p>La familia super\u00f3 con fuerza este duro golpe y permaneci\u00f3 en Argentina, ya era el a\u00f1o 1957 cuando lleg\u00f3 el tercer hijo de Mar\u00eda y Marko, mi hermano Francisco.<\/p>\n<p>Pasado m\u00e1s de 50 a\u00f1os de esta historia familiar, recibimos un llamado telef\u00f3nico procedente de Croacia, era una sobrina de mi padre, hija de una de sus hermanas que con la llegada de internet logr\u00f3 ubicar los n\u00fameros de tel\u00e9fono de su familia perdida.<\/p>\n<p>De esta manera, luego de este encuentro telef\u00f3nico con una familia enorme que se encontraba en Croacia y de la cual desconocemos su existencia, supimos que el miedo fue la raz\u00f3n por la cual mi padre nunca nos cont\u00f3 que ten\u00eda familia . Mientras \u00e9l se encontraba en Italia envi\u00f3 una carta a su padre Ivan Jelovina, cont\u00e1ndole sobre su casamiento y del nacimiento de sus hijos, pero lamentablemente esta carta fue interceptada por los Partisanos, quienes con esta informaci\u00f3n secuestraron y ejecutaron a su padre.<\/p>\n<p>En 2018 tuve la suerte de poder visitar Croacia, conocer a una parte de mi amada familia y de visitar algunas de sus ciudades, pero como siempre mi coraz\u00f3n quiere volver a recorrer m\u00e1s de su historia y de sus sabores.<\/p>\n<p>Abrazo con fuerza a mi tierra, me siento un embajador de sus colores, \u00a0siempre que puedo le cuento a todos lo hermosa que es y \u00a0las ganas inmensas que tengo de volver.<\/p>\n<p>Gracias por permitirme contar parte de mi peque\u00f1a gran historia familiar.<\/p>\n<p>&nbsp;<\/p>\n\n\t\t<style type=\"text\/css\">\n\t\t\t#gallery-1 {\n\t\t\t\tmargin: auto;\n\t\t\t}\n\t\t\t#gallery-1 .gallery-item {\n\t\t\t\tfloat: left;\n\t\t\t\tmargin-top: 10px;\n\t\t\t\ttext-align: center;\n\t\t\t\twidth: 33%;\n\t\t\t}\n\t\t\t#gallery-1 img {\n\t\t\t\tborder: 2px solid #cfcfcf;\n\t\t\t}\n\t\t\t#gallery-1 .gallery-caption {\n\t\t\t\tmargin-left: 0;\n\t\t\t}\n\t\t\t\/* see gallery_shortcode() in wp-includes\/media.php *\/\n\t\t<\/style>\n\t\t<div id='gallery-1' class='gallery galleryid-6460 gallery-columns-3 gallery-size-thumbnail'><dl class='gallery-item'>\n\t\t\t<dt class='gallery-icon landscape'>\n\t\t\t\t<a data-rel=\"iLightbox[postimages]\" data-title=\"IMG_20221021_203132\" data-caption=\"\" href='https:\/\/virtualnimuzej.aspira.hr\/es\/historia-de-la-familia-jelovina\/img_20221021_203132-6\/'><img decoding=\"async\" width=\"150\" height=\"150\" src=\"https:\/\/virtualnimuzej.aspira.hr\/wp-content\/uploads\/2022\/10\/IMG_20221021_203132-8-150x150.jpg\" class=\"attachment-thumbnail size-thumbnail\" alt=\"\" srcset=\"https:\/\/virtualnimuzej.aspira.hr\/wp-content\/uploads\/2022\/10\/IMG_20221021_203132-8-66x66.jpg 66w, https:\/\/virtualnimuzej.aspira.hr\/wp-content\/uploads\/2022\/10\/IMG_20221021_203132-8-150x150.jpg 150w\" sizes=\"(max-width: 150px) 100vw, 150px\" \/><\/a>\n\t\t\t<\/dt><\/dl><dl class='gallery-item'>\n\t\t\t<dt class='gallery-icon landscape'>\n\t\t\t\t<a data-rel=\"iLightbox[postimages]\" data-title=\"IMG_20221021_203217\" data-caption=\"\" href='https:\/\/virtualnimuzej.aspira.hr\/es\/historia-de-la-familia-jelovina\/img_20221021_203217-6\/'><img decoding=\"async\" width=\"150\" height=\"150\" src=\"https:\/\/virtualnimuzej.aspira.hr\/wp-content\/uploads\/2022\/10\/IMG_20221021_203217-8-150x150.jpg\" class=\"attachment-thumbnail size-thumbnail\" alt=\"\" srcset=\"https:\/\/virtualnimuzej.aspira.hr\/wp-content\/uploads\/2022\/10\/IMG_20221021_203217-8-66x66.jpg 66w, https:\/\/virtualnimuzej.aspira.hr\/wp-content\/uploads\/2022\/10\/IMG_20221021_203217-8-150x150.jpg 150w\" sizes=\"(max-width: 150px) 100vw, 150px\" \/><\/a>\n\t\t\t<\/dt><\/dl><dl class='gallery-item'>\n\t\t\t<dt class='gallery-icon portrait'>\n\t\t\t\t<a data-rel=\"iLightbox[postimages]\" data-title=\"IMG_20221021_203258\" data-caption=\"\" href='https:\/\/virtualnimuzej.aspira.hr\/es\/historia-de-la-familia-jelovina\/img_20221021_203258-6\/'><img decoding=\"async\" width=\"150\" height=\"150\" src=\"https:\/\/virtualnimuzej.aspira.hr\/wp-content\/uploads\/2022\/10\/IMG_20221021_203258-8-150x150.jpg\" class=\"attachment-thumbnail size-thumbnail\" alt=\"\" srcset=\"https:\/\/virtualnimuzej.aspira.hr\/wp-content\/uploads\/2022\/10\/IMG_20221021_203258-8-66x66.jpg 66w, https:\/\/virtualnimuzej.aspira.hr\/wp-content\/uploads\/2022\/10\/IMG_20221021_203258-8-150x150.jpg 150w\" sizes=\"(max-width: 150px) 100vw, 150px\" \/><\/a>\n\t\t\t<\/dt><\/dl><br style=\"clear: both\" \/><dl class='gallery-item'>\n\t\t\t<dt class='gallery-icon portrait'>\n\t\t\t\t<a data-rel=\"iLightbox[postimages]\" data-title=\"IMG_20221021_203341\" data-caption=\"\" href='https:\/\/virtualnimuzej.aspira.hr\/es\/historia-de-la-familia-jelovina\/img_20221021_203341-5\/'><img decoding=\"async\" width=\"150\" height=\"150\" src=\"https:\/\/virtualnimuzej.aspira.hr\/wp-content\/uploads\/2022\/10\/IMG_20221021_203341-7-150x150.jpg\" class=\"attachment-thumbnail size-thumbnail\" alt=\"\" srcset=\"https:\/\/virtualnimuzej.aspira.hr\/wp-content\/uploads\/2022\/10\/IMG_20221021_203341-7-66x66.jpg 66w, https:\/\/virtualnimuzej.aspira.hr\/wp-content\/uploads\/2022\/10\/IMG_20221021_203341-7-150x150.jpg 150w\" sizes=\"(max-width: 150px) 100vw, 150px\" \/><\/a>\n\t\t\t<\/dt><\/dl><dl class='gallery-item'>\n\t\t\t<dt class='gallery-icon portrait'>\n\t\t\t\t<a data-rel=\"iLightbox[postimages]\" data-title=\"IMG_20221021_203423\" data-caption=\"\" href='https:\/\/virtualnimuzej.aspira.hr\/es\/historia-de-la-familia-jelovina\/img_20221021_203423-6\/'><img decoding=\"async\" width=\"150\" height=\"150\" src=\"https:\/\/virtualnimuzej.aspira.hr\/wp-content\/uploads\/2022\/10\/IMG_20221021_203423-8-150x150.jpg\" class=\"attachment-thumbnail size-thumbnail\" alt=\"\" srcset=\"https:\/\/virtualnimuzej.aspira.hr\/wp-content\/uploads\/2022\/10\/IMG_20221021_203423-8-66x66.jpg 66w, https:\/\/virtualnimuzej.aspira.hr\/wp-content\/uploads\/2022\/10\/IMG_20221021_203423-8-150x150.jpg 150w\" sizes=\"(max-width: 150px) 100vw, 150px\" \/><\/a>\n\t\t\t<\/dt><\/dl><dl class='gallery-item'>\n\t\t\t<dt class='gallery-icon portrait'>\n\t\t\t\t<a data-rel=\"iLightbox[postimages]\" data-title=\"IMG_20221021_203509\" data-caption=\"\" href='https:\/\/virtualnimuzej.aspira.hr\/es\/historia-de-la-familia-jelovina\/img_20221021_203509-6\/'><img decoding=\"async\" width=\"150\" height=\"150\" src=\"https:\/\/virtualnimuzej.aspira.hr\/wp-content\/uploads\/2022\/10\/IMG_20221021_203509-8-150x150.jpg\" class=\"attachment-thumbnail size-thumbnail\" alt=\"\" srcset=\"https:\/\/virtualnimuzej.aspira.hr\/wp-content\/uploads\/2022\/10\/IMG_20221021_203509-8-66x66.jpg 66w, https:\/\/virtualnimuzej.aspira.hr\/wp-content\/uploads\/2022\/10\/IMG_20221021_203509-8-150x150.jpg 150w\" sizes=\"(max-width: 150px) 100vw, 150px\" \/><\/a>\n\t\t\t<\/dt><\/dl><br style=\"clear: both\" \/>\n\t\t<\/div>\n\n","protected":false},"excerpt":{"rendered":"<p>&nbsp; &nbsp; &nbsp; Zvonko Jelovina y su historia familiar: Nuestra historia familiar comienza en Croacia, durante la guerra de los pa\u00edses balc\u00e1nicos (se refiere a la Segunda guerra mundial), mientras [&hellip;]<\/p>\n","protected":false},"author":1,"featured_media":6465,"comment_status":"open","ping_status":"open","sticky":false,"template":"","format":"standard","meta":{"footnotes":""},"categories":[75],"tags":[],"class_list":["post-6460","post","type-post","status-publish","format-standard","has-post-thumbnail","hentry","category-argentina-es"],"yoast_head":"<!-- This site is optimized with the Yoast SEO plugin v20.7 - https:\/\/yoast.com\/wordpress\/plugins\/seo\/ -->\n<title>Historia de la familia Jelovina - Aspira Virtualni Muzej iseljeni\u0161tva Dalmacije<\/title>\n<meta name=\"robots\" content=\"index, follow, max-snippet:-1, max-image-preview:large, max-video-preview:-1\" \/>\n<link rel=\"canonical\" href=\"https:\/\/virtualnimuzej.aspira.hr\/es\/historia-de-la-familia-jelovina\/\" \/>\n<meta property=\"og:locale\" content=\"es_ES\" \/>\n<meta property=\"og:type\" content=\"article\" \/>\n<meta property=\"og:title\" content=\"Historia de la familia Jelovina - Aspira Virtualni Muzej iseljeni\u0161tva Dalmacije\" \/>\n<meta property=\"og:description\" content=\"&nbsp; &nbsp; &nbsp; Zvonko Jelovina y su historia familiar: Nuestra historia familiar comienza en Croacia, durante la guerra de los pa\u00edses balc\u00e1nicos (se refiere a la Segunda guerra mundial), mientras [&hellip;]\" \/>\n<meta property=\"og:url\" content=\"https:\/\/virtualnimuzej.aspira.hr\/es\/historia-de-la-familia-jelovina\/\" \/>\n<meta property=\"og:site_name\" content=\"Aspira Virtualni Muzej iseljeni\u0161tva Dalmacije\" \/>\n<meta property=\"article:published_time\" content=\"2022-10-27T06:42:00+00:00\" \/>\n<meta property=\"article:modified_time\" content=\"2022-10-28T20:38:47+00:00\" \/>\n<meta property=\"og:image\" content=\"https:\/\/virtualnimuzej.aspira.hr\/wp-content\/uploads\/2022\/10\/100_4975.jpg\" \/>\n\t<meta property=\"og:image:width\" content=\"800\" \/>\n\t<meta property=\"og:image:height\" content=\"600\" \/>\n\t<meta property=\"og:image:type\" content=\"image\/jpeg\" \/>\n<meta name=\"author\" content=\"VmuzejAspira\" \/>\n<meta name=\"twitter:card\" content=\"summary_large_image\" \/>\n<meta name=\"twitter:label1\" content=\"Escrito por\" \/>\n\t<meta name=\"twitter:data1\" content=\"VmuzejAspira\" \/>\n\t<meta name=\"twitter:label2\" content=\"Tiempo de lectura\" \/>\n\t<meta name=\"twitter:data2\" content=\"6 minutos\" \/>\n<script type=\"application\/ld+json\" class=\"yoast-schema-graph\">{\"@context\":\"https:\/\/schema.org\",\"@graph\":[{\"@type\":\"WebPage\",\"@id\":\"https:\/\/virtualnimuzej.aspira.hr\/es\/historia-de-la-familia-jelovina\/\",\"url\":\"https:\/\/virtualnimuzej.aspira.hr\/es\/historia-de-la-familia-jelovina\/\",\"name\":\"Historia de la familia Jelovina - Aspira Virtualni Muzej iseljeni\u0161tva Dalmacije\",\"isPartOf\":{\"@id\":\"https:\/\/virtualnimuzej.aspira.hr\/#website\"},\"datePublished\":\"2022-10-27T06:42:00+00:00\",\"dateModified\":\"2022-10-28T20:38:47+00:00\",\"author\":{\"@id\":\"https:\/\/virtualnimuzej.aspira.hr\/#\/schema\/person\/8b28048370e78968988c04d6f1ba104d\"},\"breadcrumb\":{\"@id\":\"https:\/\/virtualnimuzej.aspira.hr\/es\/historia-de-la-familia-jelovina\/#breadcrumb\"},\"inLanguage\":\"es\",\"potentialAction\":[{\"@type\":\"ReadAction\",\"target\":[\"https:\/\/virtualnimuzej.aspira.hr\/es\/historia-de-la-familia-jelovina\/\"]}]},{\"@type\":\"BreadcrumbList\",\"@id\":\"https:\/\/virtualnimuzej.aspira.hr\/es\/historia-de-la-familia-jelovina\/#breadcrumb\",\"itemListElement\":[{\"@type\":\"ListItem\",\"position\":1,\"name\":\"Naslovna\",\"item\":\"https:\/\/virtualnimuzej.aspira.hr\/es\/\"},{\"@type\":\"ListItem\",\"position\":2,\"name\":\"Historia de la familia Jelovina\"}]},{\"@type\":\"WebSite\",\"@id\":\"https:\/\/virtualnimuzej.aspira.hr\/#website\",\"url\":\"https:\/\/virtualnimuzej.aspira.hr\/\",\"name\":\"Aspira Virtualni Muzej iseljeni\u0161tva Dalmacije\",\"description\":\"Muzej iseljeni\u0161tva je zami\u0161ljen kao mjesto skupljanja i prezentacije gra\u0111e o hrvatskom iseljeni\u0161tvu i povijesti iseljavanja koja nikada nije bila dovoljno istra\u017eena.\",\"potentialAction\":[{\"@type\":\"SearchAction\",\"target\":{\"@type\":\"EntryPoint\",\"urlTemplate\":\"https:\/\/virtualnimuzej.aspira.hr\/?s={search_term_string}\"},\"query-input\":\"required name=search_term_string\"}],\"inLanguage\":\"es\"},{\"@type\":\"Person\",\"@id\":\"https:\/\/virtualnimuzej.aspira.hr\/#\/schema\/person\/8b28048370e78968988c04d6f1ba104d\",\"name\":\"VmuzejAspira\",\"image\":{\"@type\":\"ImageObject\",\"inLanguage\":\"es\",\"@id\":\"https:\/\/virtualnimuzej.aspira.hr\/#\/schema\/person\/image\/\",\"url\":\"https:\/\/secure.gravatar.com\/avatar\/cfa7124a34eec5233efffe1e8fb23c18bb83abdb6129e8f47c9144109613a228?s=96&d=mm&r=g\",\"contentUrl\":\"https:\/\/secure.gravatar.com\/avatar\/cfa7124a34eec5233efffe1e8fb23c18bb83abdb6129e8f47c9144109613a228?s=96&d=mm&r=g\",\"caption\":\"VmuzejAspira\"},\"sameAs\":[\"http:\/\/virtualnimuzej.aspira.hr\"],\"url\":\"https:\/\/virtualnimuzej.aspira.hr\/es\/author\/vmuzejaspira\/\"}]}<\/script>\n<!-- \/ Yoast SEO plugin. -->","yoast_head_json":{"title":"Historia de la familia Jelovina - Aspira Virtualni Muzej iseljeni\u0161tva Dalmacije","robots":{"index":"index","follow":"follow","max-snippet":"max-snippet:-1","max-image-preview":"max-image-preview:large","max-video-preview":"max-video-preview:-1"},"canonical":"https:\/\/virtualnimuzej.aspira.hr\/es\/historia-de-la-familia-jelovina\/","og_locale":"es_ES","og_type":"article","og_title":"Historia de la familia Jelovina - Aspira Virtualni Muzej iseljeni\u0161tva Dalmacije","og_description":"&nbsp; &nbsp; &nbsp; Zvonko Jelovina y su historia familiar: Nuestra historia familiar comienza en Croacia, durante la guerra de los pa\u00edses balc\u00e1nicos (se refiere a la Segunda guerra mundial), mientras [&hellip;]","og_url":"https:\/\/virtualnimuzej.aspira.hr\/es\/historia-de-la-familia-jelovina\/","og_site_name":"Aspira Virtualni Muzej iseljeni\u0161tva Dalmacije","article_published_time":"2022-10-27T06:42:00+00:00","article_modified_time":"2022-10-28T20:38:47+00:00","og_image":[{"width":800,"height":600,"url":"https:\/\/virtualnimuzej.aspira.hr\/wp-content\/uploads\/2022\/10\/100_4975.jpg","type":"image\/jpeg"}],"author":"VmuzejAspira","twitter_card":"summary_large_image","twitter_misc":{"Escrito por":"VmuzejAspira","Tiempo de lectura":"6 minutos"},"schema":{"@context":"https:\/\/schema.org","@graph":[{"@type":"WebPage","@id":"https:\/\/virtualnimuzej.aspira.hr\/es\/historia-de-la-familia-jelovina\/","url":"https:\/\/virtualnimuzej.aspira.hr\/es\/historia-de-la-familia-jelovina\/","name":"Historia de la familia Jelovina - Aspira Virtualni Muzej iseljeni\u0161tva Dalmacije","isPartOf":{"@id":"https:\/\/virtualnimuzej.aspira.hr\/#website"},"datePublished":"2022-10-27T06:42:00+00:00","dateModified":"2022-10-28T20:38:47+00:00","author":{"@id":"https:\/\/virtualnimuzej.aspira.hr\/#\/schema\/person\/8b28048370e78968988c04d6f1ba104d"},"breadcrumb":{"@id":"https:\/\/virtualnimuzej.aspira.hr\/es\/historia-de-la-familia-jelovina\/#breadcrumb"},"inLanguage":"es","potentialAction":[{"@type":"ReadAction","target":["https:\/\/virtualnimuzej.aspira.hr\/es\/historia-de-la-familia-jelovina\/"]}]},{"@type":"BreadcrumbList","@id":"https:\/\/virtualnimuzej.aspira.hr\/es\/historia-de-la-familia-jelovina\/#breadcrumb","itemListElement":[{"@type":"ListItem","position":1,"name":"Naslovna","item":"https:\/\/virtualnimuzej.aspira.hr\/es\/"},{"@type":"ListItem","position":2,"name":"Historia de la familia Jelovina"}]},{"@type":"WebSite","@id":"https:\/\/virtualnimuzej.aspira.hr\/#website","url":"https:\/\/virtualnimuzej.aspira.hr\/","name":"Aspira Virtualni Muzej iseljeni\u0161tva Dalmacije","description":"Muzej iseljeni\u0161tva je zami\u0161ljen kao mjesto skupljanja i prezentacije gra\u0111e o hrvatskom iseljeni\u0161tvu i povijesti iseljavanja koja nikada nije bila dovoljno istra\u017eena.","potentialAction":[{"@type":"SearchAction","target":{"@type":"EntryPoint","urlTemplate":"https:\/\/virtualnimuzej.aspira.hr\/?s={search_term_string}"},"query-input":"required name=search_term_string"}],"inLanguage":"es"},{"@type":"Person","@id":"https:\/\/virtualnimuzej.aspira.hr\/#\/schema\/person\/8b28048370e78968988c04d6f1ba104d","name":"VmuzejAspira","image":{"@type":"ImageObject","inLanguage":"es","@id":"https:\/\/virtualnimuzej.aspira.hr\/#\/schema\/person\/image\/","url":"https:\/\/secure.gravatar.com\/avatar\/cfa7124a34eec5233efffe1e8fb23c18bb83abdb6129e8f47c9144109613a228?s=96&d=mm&r=g","contentUrl":"https:\/\/secure.gravatar.com\/avatar\/cfa7124a34eec5233efffe1e8fb23c18bb83abdb6129e8f47c9144109613a228?s=96&d=mm&r=g","caption":"VmuzejAspira"},"sameAs":["http:\/\/virtualnimuzej.aspira.hr"],"url":"https:\/\/virtualnimuzej.aspira.hr\/es\/author\/vmuzejaspira\/"}]}},"_links":{"self":[{"href":"https:\/\/virtualnimuzej.aspira.hr\/es\/wp-json\/wp\/v2\/posts\/6460","targetHints":{"allow":["GET"]}}],"collection":[{"href":"https:\/\/virtualnimuzej.aspira.hr\/es\/wp-json\/wp\/v2\/posts"}],"about":[{"href":"https:\/\/virtualnimuzej.aspira.hr\/es\/wp-json\/wp\/v2\/types\/post"}],"author":[{"embeddable":true,"href":"https:\/\/virtualnimuzej.aspira.hr\/es\/wp-json\/wp\/v2\/users\/1"}],"replies":[{"embeddable":true,"href":"https:\/\/virtualnimuzej.aspira.hr\/es\/wp-json\/wp\/v2\/comments?post=6460"}],"version-history":[{"count":4,"href":"https:\/\/virtualnimuzej.aspira.hr\/es\/wp-json\/wp\/v2\/posts\/6460\/revisions"}],"predecessor-version":[{"id":7112,"href":"https:\/\/virtualnimuzej.aspira.hr\/es\/wp-json\/wp\/v2\/posts\/6460\/revisions\/7112"}],"wp:featuredmedia":[{"embeddable":true,"href":"https:\/\/virtualnimuzej.aspira.hr\/es\/wp-json\/wp\/v2\/media\/6465"}],"wp:attachment":[{"href":"https:\/\/virtualnimuzej.aspira.hr\/es\/wp-json\/wp\/v2\/media?parent=6460"}],"wp:term":[{"taxonomy":"category","embeddable":true,"href":"https:\/\/virtualnimuzej.aspira.hr\/es\/wp-json\/wp\/v2\/categories?post=6460"},{"taxonomy":"post_tag","embeddable":true,"href":"https:\/\/virtualnimuzej.aspira.hr\/es\/wp-json\/wp\/v2\/tags?post=6460"}],"curies":[{"name":"wp","href":"https:\/\/api.w.org\/{rel}","templated":true}]}}