{"id":6558,"date":"2022-10-27T18:20:18","date_gmt":"2022-10-27T16:20:18","guid":{"rendered":"https:\/\/virtualnimuzej.aspira.hr\/?p=6558"},"modified":"2022-10-27T18:21:14","modified_gmt":"2022-10-27T16:21:14","slug":"jose-ban-habia-recibido-la-ciudadania-croata","status":"publish","type":"post","link":"https:\/\/virtualnimuzej.aspira.hr\/es\/jose-ban-habia-recibido-la-ciudadania-croata\/","title":{"rendered":"Jose Ban hab\u00eda recibido la ciudadania croata"},"content":{"rendered":"<p>&nbsp;<\/p>\n<p>Jos\u00e9 Ban, amigo y socio de Aspira, con cuya escuela de Venado Tuerto, Argentina firm\u00f3 un acuerdo de cooperaci\u00f3n en el verano de 2022, anunci\u00f3 con orgullo que hab\u00eda recibido la ciudadan\u00eda croata. Este argentino de la Provincia de Santa Fe es descendiente de ambos padres croatas, por lo que \u00e9l mismo deseaba estar m\u00e1s cerca de la patria de sus antepasados \u200b\u200baunque tuviera pasaporte croata.<\/p>\n<p>&nbsp;<\/p>\n<p><img decoding=\"async\" class=\"alignnone size-medium wp-image-6563\" src=\"https:\/\/virtualnimuzej.aspira.hr\/wp-content\/uploads\/2022\/10\/IMG-20220512-WA0001-2-214x300.jpg\" alt=\"\" width=\"214\" height=\"300\" srcset=\"https:\/\/virtualnimuzej.aspira.hr\/wp-content\/uploads\/2022\/10\/IMG-20220512-WA0001-2-200x281.jpg 200w, https:\/\/virtualnimuzej.aspira.hr\/wp-content\/uploads\/2022\/10\/IMG-20220512-WA0001-2-214x300.jpg 214w, https:\/\/virtualnimuzej.aspira.hr\/wp-content\/uploads\/2022\/10\/IMG-20220512-WA0001-2-400x561.jpg 400w, https:\/\/virtualnimuzej.aspira.hr\/wp-content\/uploads\/2022\/10\/IMG-20220512-WA0001-2.jpg 570w\" sizes=\"(max-width: 214px) 100vw, 214px\" \/>\u00a0 \u00a0 \u00a0 \u00a0 \u00a0 \u00a0 \u00a0 \u00a0 \u00a0<img decoding=\"async\" class=\"alignnone size-medium wp-image-6566\" src=\"https:\/\/virtualnimuzej.aspira.hr\/wp-content\/uploads\/2022\/10\/IMG-20220512-WA0002-1-142x300.jpg\" alt=\"\" width=\"142\" height=\"300\" srcset=\"https:\/\/virtualnimuzej.aspira.hr\/wp-content\/uploads\/2022\/10\/IMG-20220512-WA0002-1-142x300.jpg 142w, https:\/\/virtualnimuzej.aspira.hr\/wp-content\/uploads\/2022\/10\/IMG-20220512-WA0002-1-200x422.jpg 200w, https:\/\/virtualnimuzej.aspira.hr\/wp-content\/uploads\/2022\/10\/IMG-20220512-WA0002-1.jpg 379w\" sizes=\"(max-width: 142px) 100vw, 142px\" \/><\/p>\n<p>Jose Ban al frente de la Embajada de la Republica de Croacia en Buenos Aires<\/p>\n<p>&nbsp;<\/p>\n<p><img decoding=\"async\" class=\"alignnone wp-image-6569\" src=\"https:\/\/virtualnimuzej.aspira.hr\/wp-content\/uploads\/2022\/10\/IMG-20220529-WA0008-1-300x167.jpg\" alt=\"\" width=\"424\" height=\"236\" srcset=\"https:\/\/virtualnimuzej.aspira.hr\/wp-content\/uploads\/2022\/10\/IMG-20220529-WA0008-1-200x111.jpg 200w, https:\/\/virtualnimuzej.aspira.hr\/wp-content\/uploads\/2022\/10\/IMG-20220529-WA0008-1-300x167.jpg 300w, https:\/\/virtualnimuzej.aspira.hr\/wp-content\/uploads\/2022\/10\/IMG-20220529-WA0008-1-400x223.jpg 400w, https:\/\/virtualnimuzej.aspira.hr\/wp-content\/uploads\/2022\/10\/IMG-20220529-WA0008-1-600x334.jpg 600w, https:\/\/virtualnimuzej.aspira.hr\/wp-content\/uploads\/2022\/10\/IMG-20220529-WA0008-1.jpg 661w\" sizes=\"(max-width: 424px) 100vw, 424px\" \/><\/p>\n<p>De la izquierda son su hermana, Adriana Smajic de Buenos Aires, Jose, su madre y Joza Vrljicak, esposo de Adriana<\/p>\n<p>&nbsp;<\/p>\n<p><img decoding=\"async\" class=\"alignnone wp-image-6572\" src=\"https:\/\/virtualnimuzej.aspira.hr\/wp-content\/uploads\/2022\/10\/IMG-20220529-WA0009-1-300x190.jpg\" alt=\"\" width=\"426\" height=\"270\" srcset=\"https:\/\/virtualnimuzej.aspira.hr\/wp-content\/uploads\/2022\/10\/IMG-20220529-WA0009-1-200x127.jpg 200w, https:\/\/virtualnimuzej.aspira.hr\/wp-content\/uploads\/2022\/10\/IMG-20220529-WA0009-1-300x190.jpg 300w, https:\/\/virtualnimuzej.aspira.hr\/wp-content\/uploads\/2022\/10\/IMG-20220529-WA0009-1-320x202.jpg 320w, https:\/\/virtualnimuzej.aspira.hr\/wp-content\/uploads\/2022\/10\/IMG-20220529-WA0009-1-400x254.jpg 400w, https:\/\/virtualnimuzej.aspira.hr\/wp-content\/uploads\/2022\/10\/IMG-20220529-WA0009-1-600x380.jpg 600w, https:\/\/virtualnimuzej.aspira.hr\/wp-content\/uploads\/2022\/10\/IMG-20220529-WA0009-1-768x487.jpg 768w, https:\/\/virtualnimuzej.aspira.hr\/wp-content\/uploads\/2022\/10\/IMG-20220529-WA0009-1.jpg 800w\" sizes=\"(max-width: 426px) 100vw, 426px\" \/><\/p>\n<p>Jose con Adriana y Joza<\/p>\n","protected":false},"excerpt":{"rendered":"<p>&nbsp; Jos\u00e9 Ban, amigo y socio de Aspira, con cuya escuela de Venado Tuerto, Argentina firm\u00f3 un acuerdo de cooperaci\u00f3n en el verano de 2022, anunci\u00f3 con orgullo que hab\u00eda [&hellip;]<\/p>\n","protected":false},"author":1,"featured_media":6559,"comment_status":"open","ping_status":"open","sticky":false,"template":"","format":"standard","meta":{"footnotes":""},"categories":[41],"tags":[],"class_list":["post-6558","post","type-post","status-publish","format-standard","has-post-thumbnail","hentry","category-noticias"],"yoast_head":"<!-- This site is optimized with the Yoast SEO plugin v20.7 - https:\/\/yoast.com\/wordpress\/plugins\/seo\/ -->\n<title>Jose Ban hab\u00eda recibido la ciudadania croata - Aspira Virtualni Muzej iseljeni\u0161tva Dalmacije<\/title>\n<meta name=\"robots\" content=\"index, follow, max-snippet:-1, max-image-preview:large, max-video-preview:-1\" \/>\n<link rel=\"canonical\" href=\"https:\/\/virtualnimuzej.aspira.hr\/es\/jose-ban-habia-recibido-la-ciudadania-croata\/\" \/>\n<meta property=\"og:locale\" content=\"es_ES\" \/>\n<meta property=\"og:type\" content=\"article\" \/>\n<meta property=\"og:title\" content=\"Jose Ban hab\u00eda recibido la ciudadania croata - Aspira Virtualni Muzej iseljeni\u0161tva Dalmacije\" \/>\n<meta property=\"og:description\" content=\"&nbsp; Jos\u00e9 Ban, amigo y socio de Aspira, con cuya escuela de Venado Tuerto, Argentina firm\u00f3 un acuerdo de cooperaci\u00f3n en el verano de 2022, anunci\u00f3 con orgullo que hab\u00eda [&hellip;]\" \/>\n<meta property=\"og:url\" content=\"https:\/\/virtualnimuzej.aspira.hr\/es\/jose-ban-habia-recibido-la-ciudadania-croata\/\" \/>\n<meta property=\"og:site_name\" content=\"Aspira Virtualni Muzej iseljeni\u0161tva Dalmacije\" \/>\n<meta property=\"article:published_time\" content=\"2022-10-27T16:20:18+00:00\" \/>\n<meta property=\"article:modified_time\" content=\"2022-10-27T16:21:14+00:00\" \/>\n<meta property=\"og:image\" content=\"https:\/\/virtualnimuzej.aspira.hr\/wp-content\/uploads\/2022\/10\/current-time-in-venado-tuerto-santa-fe-argentina-320x300-2.jpg\" \/>\n\t<meta property=\"og:image:width\" content=\"320\" \/>\n\t<meta property=\"og:image:height\" content=\"300\" \/>\n\t<meta property=\"og:image:type\" content=\"image\/jpeg\" \/>\n<meta name=\"author\" content=\"VmuzejAspira\" \/>\n<meta name=\"twitter:card\" content=\"summary_large_image\" \/>\n<meta name=\"twitter:label1\" content=\"Escrito por\" \/>\n\t<meta name=\"twitter:data1\" content=\"VmuzejAspira\" \/>\n\t<meta name=\"twitter:label2\" content=\"Tiempo de lectura\" \/>\n\t<meta name=\"twitter:data2\" content=\"2 minutos\" \/>\n<script type=\"application\/ld+json\" class=\"yoast-schema-graph\">{\"@context\":\"https:\/\/schema.org\",\"@graph\":[{\"@type\":\"WebPage\",\"@id\":\"https:\/\/virtualnimuzej.aspira.hr\/es\/jose-ban-habia-recibido-la-ciudadania-croata\/\",\"url\":\"https:\/\/virtualnimuzej.aspira.hr\/es\/jose-ban-habia-recibido-la-ciudadania-croata\/\",\"name\":\"Jose Ban hab\u00eda recibido la ciudadania croata - Aspira Virtualni Muzej iseljeni\u0161tva Dalmacije\",\"isPartOf\":{\"@id\":\"https:\/\/virtualnimuzej.aspira.hr\/#website\"},\"datePublished\":\"2022-10-27T16:20:18+00:00\",\"dateModified\":\"2022-10-27T16:21:14+00:00\",\"author\":{\"@id\":\"https:\/\/virtualnimuzej.aspira.hr\/#\/schema\/person\/8b28048370e78968988c04d6f1ba104d\"},\"breadcrumb\":{\"@id\":\"https:\/\/virtualnimuzej.aspira.hr\/es\/jose-ban-habia-recibido-la-ciudadania-croata\/#breadcrumb\"},\"inLanguage\":\"es\",\"potentialAction\":[{\"@type\":\"ReadAction\",\"target\":[\"https:\/\/virtualnimuzej.aspira.hr\/es\/jose-ban-habia-recibido-la-ciudadania-croata\/\"]}]},{\"@type\":\"BreadcrumbList\",\"@id\":\"https:\/\/virtualnimuzej.aspira.hr\/es\/jose-ban-habia-recibido-la-ciudadania-croata\/#breadcrumb\",\"itemListElement\":[{\"@type\":\"ListItem\",\"position\":1,\"name\":\"Naslovna\",\"item\":\"https:\/\/virtualnimuzej.aspira.hr\/es\/\"},{\"@type\":\"ListItem\",\"position\":2,\"name\":\"Jose Ban hab\u00eda recibido la ciudadania croata\"}]},{\"@type\":\"WebSite\",\"@id\":\"https:\/\/virtualnimuzej.aspira.hr\/#website\",\"url\":\"https:\/\/virtualnimuzej.aspira.hr\/\",\"name\":\"Aspira Virtualni Muzej iseljeni\u0161tva Dalmacije\",\"description\":\"Muzej iseljeni\u0161tva je zami\u0161ljen kao mjesto skupljanja i prezentacije gra\u0111e o hrvatskom iseljeni\u0161tvu i povijesti iseljavanja koja nikada nije bila dovoljno istra\u017eena.\",\"potentialAction\":[{\"@type\":\"SearchAction\",\"target\":{\"@type\":\"EntryPoint\",\"urlTemplate\":\"https:\/\/virtualnimuzej.aspira.hr\/?s={search_term_string}\"},\"query-input\":\"required name=search_term_string\"}],\"inLanguage\":\"es\"},{\"@type\":\"Person\",\"@id\":\"https:\/\/virtualnimuzej.aspira.hr\/#\/schema\/person\/8b28048370e78968988c04d6f1ba104d\",\"name\":\"VmuzejAspira\",\"image\":{\"@type\":\"ImageObject\",\"inLanguage\":\"es\",\"@id\":\"https:\/\/virtualnimuzej.aspira.hr\/#\/schema\/person\/image\/\",\"url\":\"https:\/\/secure.gravatar.com\/avatar\/cfa7124a34eec5233efffe1e8fb23c18bb83abdb6129e8f47c9144109613a228?s=96&d=mm&r=g\",\"contentUrl\":\"https:\/\/secure.gravatar.com\/avatar\/cfa7124a34eec5233efffe1e8fb23c18bb83abdb6129e8f47c9144109613a228?s=96&d=mm&r=g\",\"caption\":\"VmuzejAspira\"},\"sameAs\":[\"http:\/\/virtualnimuzej.aspira.hr\"],\"url\":\"https:\/\/virtualnimuzej.aspira.hr\/es\/author\/vmuzejaspira\/\"}]}<\/script>\n<!-- \/ Yoast SEO plugin. -->","yoast_head_json":{"title":"Jose Ban hab\u00eda recibido la ciudadania croata - Aspira Virtualni Muzej iseljeni\u0161tva Dalmacije","robots":{"index":"index","follow":"follow","max-snippet":"max-snippet:-1","max-image-preview":"max-image-preview:large","max-video-preview":"max-video-preview:-1"},"canonical":"https:\/\/virtualnimuzej.aspira.hr\/es\/jose-ban-habia-recibido-la-ciudadania-croata\/","og_locale":"es_ES","og_type":"article","og_title":"Jose Ban hab\u00eda recibido la ciudadania croata - Aspira Virtualni Muzej iseljeni\u0161tva Dalmacije","og_description":"&nbsp; Jos\u00e9 Ban, amigo y socio de Aspira, con cuya escuela de Venado Tuerto, Argentina firm\u00f3 un acuerdo de cooperaci\u00f3n en el verano de 2022, anunci\u00f3 con orgullo que hab\u00eda [&hellip;]","og_url":"https:\/\/virtualnimuzej.aspira.hr\/es\/jose-ban-habia-recibido-la-ciudadania-croata\/","og_site_name":"Aspira Virtualni Muzej iseljeni\u0161tva Dalmacije","article_published_time":"2022-10-27T16:20:18+00:00","article_modified_time":"2022-10-27T16:21:14+00:00","og_image":[{"width":320,"height":300,"url":"https:\/\/virtualnimuzej.aspira.hr\/wp-content\/uploads\/2022\/10\/current-time-in-venado-tuerto-santa-fe-argentina-320x300-2.jpg","type":"image\/jpeg"}],"author":"VmuzejAspira","twitter_card":"summary_large_image","twitter_misc":{"Escrito por":"VmuzejAspira","Tiempo de lectura":"2 minutos"},"schema":{"@context":"https:\/\/schema.org","@graph":[{"@type":"WebPage","@id":"https:\/\/virtualnimuzej.aspira.hr\/es\/jose-ban-habia-recibido-la-ciudadania-croata\/","url":"https:\/\/virtualnimuzej.aspira.hr\/es\/jose-ban-habia-recibido-la-ciudadania-croata\/","name":"Jose Ban hab\u00eda recibido la ciudadania croata - Aspira Virtualni Muzej iseljeni\u0161tva Dalmacije","isPartOf":{"@id":"https:\/\/virtualnimuzej.aspira.hr\/#website"},"datePublished":"2022-10-27T16:20:18+00:00","dateModified":"2022-10-27T16:21:14+00:00","author":{"@id":"https:\/\/virtualnimuzej.aspira.hr\/#\/schema\/person\/8b28048370e78968988c04d6f1ba104d"},"breadcrumb":{"@id":"https:\/\/virtualnimuzej.aspira.hr\/es\/jose-ban-habia-recibido-la-ciudadania-croata\/#breadcrumb"},"inLanguage":"es","potentialAction":[{"@type":"ReadAction","target":["https:\/\/virtualnimuzej.aspira.hr\/es\/jose-ban-habia-recibido-la-ciudadania-croata\/"]}]},{"@type":"BreadcrumbList","@id":"https:\/\/virtualnimuzej.aspira.hr\/es\/jose-ban-habia-recibido-la-ciudadania-croata\/#breadcrumb","itemListElement":[{"@type":"ListItem","position":1,"name":"Naslovna","item":"https:\/\/virtualnimuzej.aspira.hr\/es\/"},{"@type":"ListItem","position":2,"name":"Jose Ban hab\u00eda recibido la ciudadania croata"}]},{"@type":"WebSite","@id":"https:\/\/virtualnimuzej.aspira.hr\/#website","url":"https:\/\/virtualnimuzej.aspira.hr\/","name":"Aspira Virtualni Muzej iseljeni\u0161tva Dalmacije","description":"Muzej iseljeni\u0161tva je zami\u0161ljen kao mjesto skupljanja i prezentacije gra\u0111e o hrvatskom iseljeni\u0161tvu i povijesti iseljavanja koja nikada nije bila dovoljno istra\u017eena.","potentialAction":[{"@type":"SearchAction","target":{"@type":"EntryPoint","urlTemplate":"https:\/\/virtualnimuzej.aspira.hr\/?s={search_term_string}"},"query-input":"required name=search_term_string"}],"inLanguage":"es"},{"@type":"Person","@id":"https:\/\/virtualnimuzej.aspira.hr\/#\/schema\/person\/8b28048370e78968988c04d6f1ba104d","name":"VmuzejAspira","image":{"@type":"ImageObject","inLanguage":"es","@id":"https:\/\/virtualnimuzej.aspira.hr\/#\/schema\/person\/image\/","url":"https:\/\/secure.gravatar.com\/avatar\/cfa7124a34eec5233efffe1e8fb23c18bb83abdb6129e8f47c9144109613a228?s=96&d=mm&r=g","contentUrl":"https:\/\/secure.gravatar.com\/avatar\/cfa7124a34eec5233efffe1e8fb23c18bb83abdb6129e8f47c9144109613a228?s=96&d=mm&r=g","caption":"VmuzejAspira"},"sameAs":["http:\/\/virtualnimuzej.aspira.hr"],"url":"https:\/\/virtualnimuzej.aspira.hr\/es\/author\/vmuzejaspira\/"}]}},"_links":{"self":[{"href":"https:\/\/virtualnimuzej.aspira.hr\/es\/wp-json\/wp\/v2\/posts\/6558","targetHints":{"allow":["GET"]}}],"collection":[{"href":"https:\/\/virtualnimuzej.aspira.hr\/es\/wp-json\/wp\/v2\/posts"}],"about":[{"href":"https:\/\/virtualnimuzej.aspira.hr\/es\/wp-json\/wp\/v2\/types\/post"}],"author":[{"embeddable":true,"href":"https:\/\/virtualnimuzej.aspira.hr\/es\/wp-json\/wp\/v2\/users\/1"}],"replies":[{"embeddable":true,"href":"https:\/\/virtualnimuzej.aspira.hr\/es\/wp-json\/wp\/v2\/comments?post=6558"}],"version-history":[{"count":1,"href":"https:\/\/virtualnimuzej.aspira.hr\/es\/wp-json\/wp\/v2\/posts\/6558\/revisions"}],"predecessor-version":[{"id":6576,"href":"https:\/\/virtualnimuzej.aspira.hr\/es\/wp-json\/wp\/v2\/posts\/6558\/revisions\/6576"}],"wp:featuredmedia":[{"embeddable":true,"href":"https:\/\/virtualnimuzej.aspira.hr\/es\/wp-json\/wp\/v2\/media\/6559"}],"wp:attachment":[{"href":"https:\/\/virtualnimuzej.aspira.hr\/es\/wp-json\/wp\/v2\/media?parent=6558"}],"wp:term":[{"taxonomy":"category","embeddable":true,"href":"https:\/\/virtualnimuzej.aspira.hr\/es\/wp-json\/wp\/v2\/categories?post=6558"},{"taxonomy":"post_tag","embeddable":true,"href":"https:\/\/virtualnimuzej.aspira.hr\/es\/wp-json\/wp\/v2\/tags?post=6558"}],"curies":[{"name":"wp","href":"https:\/\/api.w.org\/{rel}","templated":true}]}}