{"id":6781,"date":"2022-10-28T19:59:51","date_gmt":"2022-10-28T17:59:51","guid":{"rendered":"https:\/\/virtualnimuzej.aspira.hr\/?p=6781"},"modified":"2022-10-28T22:28:16","modified_gmt":"2022-10-28T20:28:16","slug":"romanito","status":"publish","type":"post","link":"https:\/\/virtualnimuzej.aspira.hr\/es\/romanito\/","title":{"rendered":"Romanito"},"content":{"rendered":"<p>Romano Supljina<\/p>\n<p>&nbsp;<\/p>\n<p>La historia de mi familia comienza en 1927 en la Pen\u00ednsula de Istria\u00a0 Trieste nace mi padre Romano Supljina con nacionalidad Italiano. Hijo de madre sola y menor, su abuelo le di\u00f3 el apellido que en un principio era \u0160upljina de or\u00edgen austriaco significa cavidades. Crece en la colina de la aldea de Boljun pueblo que fu\u00e9 creado alrededor de la fortaleza de un Castillo Medieval. Cuando fu\u00e9 el tiempo de ir a la escuela que de hecho estaba ubicada frente a su casa se cre\u00f3 una reforma escol\u00e1stica luego del gran \u00e9xodo Giuliano D\u00e1lmata donde era obligaci\u00f3n el biling\u00fcismo Italo Croata, Esloveno Croata. Los apellidos y las calles en Istria fueron italianizados para que no se pierda la cultura de un pueblo que vivi\u00f3 en esa regi\u00f3n. Su madre lengua, el croata. Su primer a\u00f1o escolar no fu\u00e9 f\u00e1cil por el idioma. Cuando cumpli\u00f3 ocho a\u00f1os madre e hijo plantaron dos \u00e1rboles frente al castillo. En esa \u00e9poca mi abuela ya casada con un croata quien le quiere dar su apellido al ni\u00f1o, no acepta consideraba que era s\u00f3lo su hijo y a quien su abuelo le hab\u00eda dado el propio. En la misma casa nacieron varias generaciones con distintas nacionalidades Austriacos, Italianos, Yugoslavos y Croatas. Formaron una gran familia d\u00e1ndole\u00a0 cinco hermanos. Luego la \u00e9poca m\u00e1s triste, la segunda guerra mundial. Siendo apenas un adolescente soldados alemanes lo persiguen y corre a esconderse a su casa. Mi abuela no entend\u00eda que pasaba no pod\u00eda creer que con tan s\u00f3lo una docena de a\u00f1os lo tomaran como prisionero de guerra por ser menor y a pesar de las s\u00faplicas se lo llevan con s\u00f3lo lo puesto. Al d\u00eda siguiente su madre camin\u00f3 desde el alba hasta el ocaso para llegar al punto desde donde partir\u00edan hacia Austria y luego a Alemania para llevarle ropa, calzado y v\u00edveres. Pasan los a\u00f1os termina la guerra y vuelve con un caudal de conocimientos en idiomas y oficios. Y se encuentra con un pa\u00eds en ruinas, donde la pobreza y la falta de trabajo llevan a que mi abuela le autorice un poder para que pueda buscar trabajo en el pa\u00eds que sea. Se dirige a Italia, una tierra vecina con un idioma que aprendi\u00f3 de chico. Est\u00e1 un tiempo y vuelve para volver a despedirse. A G\u00e9nova llegar\u00eda un barco desde Argentina para llevar mano de obra al pa\u00eds Austral. Pero ambos sab\u00edan que aprovechar\u00eda ese viaje para buscar y conocer a su padre biol\u00f3gico que parti\u00f3 a Am\u00e9rica antes que naciera. En 1951 llega al Puerto de Buenos Aires donde apenas entra le ofrecen trabajo como traductor ya que\u00a0 era pol\u00edglota pero no acepta por pensar que no era trabajo para un hombre. Se instala en el Hotel de los Inmigrantes, se contacta con un t\u00edo que viv\u00eda en Dock Sud ciudad que cobij\u00f3 a tantas familias de la di\u00e1spora para buscar a su padre quien no lo reconoci\u00f3 ni le ofreci\u00f3 ayuda vaya a saber porque pacto secreto con su nueva familia. Encontr\u00f3 paisanos que a trav\u00e9s de sus familias conoce a mi madre hija tambi\u00e9n de Istrianos. Form\u00f3 una familia con tres hijos de los cuales yo soy la mayor. Todo lo que logr\u00f3 fu\u00e9 fruto de sus dos trabajos diarios. Construy\u00f3 su casa, la huerta, mi hamaca, el gallinero, el parque, me ense\u00f1o a pintar, a atar los tomates en las ca\u00f1as, a sembrar y cosechar a contar en cinco idiomas mientras me hamacaba. Ten\u00eda pilas de libros y el manual en espa\u00f1ol que trajo de Italia para estudiar en el barco. Hablaba de su \u201cTrieste\u201d, de R\u00f3mulo y Remo y la historia de la Loba, de las campanas di San Giusto y su din dan, de las peque\u00f1as celdas para presos creadas a la vuelta de su casa en tiempo de guerra, del Castello di Miramare, del Jadransko more. Los domingos eran los d\u00edas de disfrutar en familia con mesas largas llena de chicos, cu\u00f1ados y esos suegros que lo recibieron como un hijo m\u00e1s. Se bailaba, se cantaba y se sonaban instrumentos entre pasos dobles y tarantelas. El chucrut, la panceta, la manestra, paprika, strudel, los porotos y canelones eran sus platos preferidos y el vino tinto. Apenas conoci\u00f3 a sus nietitos porque Dios sin avisarle pas\u00f3 a buscarlo y yo lo extra\u00f1o. Hoy s\u00e9 que desde el cielo nos sigue cuidando y de reojo vuelve a ver su tierra la que dej\u00f3 hace muchos a\u00f1os.<\/p>\n<p>&nbsp;<\/p>\n\n\t\t<style type=\"text\/css\">\n\t\t\t#gallery-1 {\n\t\t\t\tmargin: auto;\n\t\t\t}\n\t\t\t#gallery-1 .gallery-item {\n\t\t\t\tfloat: left;\n\t\t\t\tmargin-top: 10px;\n\t\t\t\ttext-align: center;\n\t\t\t\twidth: 33%;\n\t\t\t}\n\t\t\t#gallery-1 img {\n\t\t\t\tborder: 2px solid #cfcfcf;\n\t\t\t}\n\t\t\t#gallery-1 .gallery-caption {\n\t\t\t\tmargin-left: 0;\n\t\t\t}\n\t\t\t\/* see gallery_shortcode() in wp-includes\/media.php *\/\n\t\t<\/style>\n\t\t<div id='gallery-1' class='gallery galleryid-6781 gallery-columns-3 gallery-size-thumbnail'><dl class='gallery-item'>\n\t\t\t<dt class='gallery-icon landscape'>\n\t\t\t\t<a data-rel=\"iLightbox[postimages]\" data-title=\"1666877469395\" data-caption=\"\" href='https:\/\/virtualnimuzej.aspira.hr\/es\/romanito\/attachment\/1666877469395\/'><img decoding=\"async\" width=\"150\" height=\"150\" src=\"https:\/\/virtualnimuzej.aspira.hr\/wp-content\/uploads\/2022\/10\/1666877469395-6-150x150.jpg\" class=\"attachment-thumbnail size-thumbnail\" alt=\"\" srcset=\"https:\/\/virtualnimuzej.aspira.hr\/wp-content\/uploads\/2022\/10\/1666877469395-6-66x66.jpg 66w, https:\/\/virtualnimuzej.aspira.hr\/wp-content\/uploads\/2022\/10\/1666877469395-6-150x150.jpg 150w\" sizes=\"(max-width: 150px) 100vw, 150px\" \/><\/a>\n\t\t\t<\/dt><\/dl><dl class='gallery-item'>\n\t\t\t<dt class='gallery-icon portrait'>\n\t\t\t\t<a data-rel=\"iLightbox[postimages]\" data-title=\"20220920_123539\" data-caption=\"\" href='https:\/\/virtualnimuzej.aspira.hr\/es\/romanito\/20220920_123539-4\/'><img decoding=\"async\" width=\"150\" height=\"150\" src=\"https:\/\/virtualnimuzej.aspira.hr\/wp-content\/uploads\/2022\/10\/20220920_123539-7-150x150.jpg\" class=\"attachment-thumbnail size-thumbnail\" alt=\"\" srcset=\"https:\/\/virtualnimuzej.aspira.hr\/wp-content\/uploads\/2022\/10\/20220920_123539-7-66x66.jpg 66w, https:\/\/virtualnimuzej.aspira.hr\/wp-content\/uploads\/2022\/10\/20220920_123539-7-150x150.jpg 150w\" sizes=\"(max-width: 150px) 100vw, 150px\" \/><\/a>\n\t\t\t<\/dt><\/dl><dl class='gallery-item'>\n\t\t\t<dt class='gallery-icon landscape'>\n\t\t\t\t<a data-rel=\"iLightbox[postimages]\" data-title=\"20221027_094733\" data-caption=\"\" href='https:\/\/virtualnimuzej.aspira.hr\/es\/romanito\/20221027_094733-4\/'><img decoding=\"async\" width=\"150\" height=\"150\" src=\"https:\/\/virtualnimuzej.aspira.hr\/wp-content\/uploads\/2022\/10\/20221027_094733-7-150x150.jpg\" class=\"attachment-thumbnail size-thumbnail\" alt=\"\" srcset=\"https:\/\/virtualnimuzej.aspira.hr\/wp-content\/uploads\/2022\/10\/20221027_094733-7-66x66.jpg 66w, https:\/\/virtualnimuzej.aspira.hr\/wp-content\/uploads\/2022\/10\/20221027_094733-7-150x150.jpg 150w\" sizes=\"(max-width: 150px) 100vw, 150px\" \/><\/a>\n\t\t\t<\/dt><\/dl><br style=\"clear: both\" \/><dl class='gallery-item'>\n\t\t\t<dt class='gallery-icon portrait'>\n\t\t\t\t<a data-rel=\"iLightbox[postimages]\" data-title=\"20221028_154843\" data-caption=\"\" href='https:\/\/virtualnimuzej.aspira.hr\/es\/romanito\/20221028_154843\/'><img decoding=\"async\" width=\"150\" height=\"150\" src=\"https:\/\/virtualnimuzej.aspira.hr\/wp-content\/uploads\/2022\/10\/20221028_154843-3-150x150.jpg\" class=\"attachment-thumbnail size-thumbnail\" alt=\"\" srcset=\"https:\/\/virtualnimuzej.aspira.hr\/wp-content\/uploads\/2022\/10\/20221028_154843-3-66x66.jpg 66w, https:\/\/virtualnimuzej.aspira.hr\/wp-content\/uploads\/2022\/10\/20221028_154843-3-150x150.jpg 150w\" sizes=\"(max-width: 150px) 100vw, 150px\" \/><\/a>\n\t\t\t<\/dt><\/dl><dl class='gallery-item'>\n\t\t\t<dt class='gallery-icon portrait'>\n\t\t\t\t<a data-rel=\"iLightbox[postimages]\" data-title=\"DSCN1406\" data-caption=\"\" href='https:\/\/virtualnimuzej.aspira.hr\/es\/romanito\/dscn1406-4\/'><img decoding=\"async\" width=\"150\" height=\"150\" src=\"https:\/\/virtualnimuzej.aspira.hr\/wp-content\/uploads\/2022\/10\/DSCN1406-7-150x150.jpg\" class=\"attachment-thumbnail size-thumbnail\" alt=\"\" srcset=\"https:\/\/virtualnimuzej.aspira.hr\/wp-content\/uploads\/2022\/10\/DSCN1406-7-66x66.jpg 66w, https:\/\/virtualnimuzej.aspira.hr\/wp-content\/uploads\/2022\/10\/DSCN1406-7-150x150.jpg 150w\" sizes=\"(max-width: 150px) 100vw, 150px\" \/><\/a>\n\t\t\t<\/dt><\/dl><dl class='gallery-item'>\n\t\t\t<dt class='gallery-icon landscape'>\n\t\t\t\t<a data-rel=\"iLightbox[postimages]\" data-title=\"DSCN1418\" data-caption=\"\" href='https:\/\/virtualnimuzej.aspira.hr\/es\/romanito\/dscn1418-3\/'><img decoding=\"async\" width=\"150\" height=\"150\" src=\"https:\/\/virtualnimuzej.aspira.hr\/wp-content\/uploads\/2022\/10\/DSCN1418-6-150x150.jpg\" class=\"attachment-thumbnail size-thumbnail\" alt=\"\" srcset=\"https:\/\/virtualnimuzej.aspira.hr\/wp-content\/uploads\/2022\/10\/DSCN1418-6-66x66.jpg 66w, https:\/\/virtualnimuzej.aspira.hr\/wp-content\/uploads\/2022\/10\/DSCN1418-6-150x150.jpg 150w\" sizes=\"(max-width: 150px) 100vw, 150px\" \/><\/a>\n\t\t\t<\/dt><\/dl><br style=\"clear: both\" \/><dl class='gallery-item'>\n\t\t\t<dt class='gallery-icon portrait'>\n\t\t\t\t<a data-rel=\"iLightbox[postimages]\" data-title=\"FB_IMG_1666845571848\" data-caption=\"\" href='https:\/\/virtualnimuzej.aspira.hr\/es\/romanito\/fb_img_1666845571848-4\/'><img decoding=\"async\" width=\"150\" height=\"150\" src=\"https:\/\/virtualnimuzej.aspira.hr\/wp-content\/uploads\/2022\/10\/FB_IMG_1666845571848-7-150x150.jpg\" class=\"attachment-thumbnail size-thumbnail\" alt=\"\" srcset=\"https:\/\/virtualnimuzej.aspira.hr\/wp-content\/uploads\/2022\/10\/FB_IMG_1666845571848-7-66x66.jpg 66w, https:\/\/virtualnimuzej.aspira.hr\/wp-content\/uploads\/2022\/10\/FB_IMG_1666845571848-7-150x150.jpg 150w\" sizes=\"(max-width: 150px) 100vw, 150px\" \/><\/a>\n\t\t\t<\/dt><\/dl><dl class='gallery-item'>\n\t\t\t<dt class='gallery-icon portrait'>\n\t\t\t\t<a data-rel=\"iLightbox[postimages]\" data-title=\"Screenshot_20220629-111503_Facebook\" data-caption=\"\" href='https:\/\/virtualnimuzej.aspira.hr\/es\/romanito\/screenshot_20220629-111503_facebook-4\/'><img decoding=\"async\" width=\"150\" height=\"150\" src=\"https:\/\/virtualnimuzej.aspira.hr\/wp-content\/uploads\/2022\/10\/Screenshot_20220629-111503_Facebook-7-150x150.jpg\" class=\"attachment-thumbnail size-thumbnail\" alt=\"\" srcset=\"https:\/\/virtualnimuzej.aspira.hr\/wp-content\/uploads\/2022\/10\/Screenshot_20220629-111503_Facebook-7-66x66.jpg 66w, https:\/\/virtualnimuzej.aspira.hr\/wp-content\/uploads\/2022\/10\/Screenshot_20220629-111503_Facebook-7-150x150.jpg 150w\" sizes=\"(max-width: 150px) 100vw, 150px\" \/><\/a>\n\t\t\t<\/dt><\/dl><dl class='gallery-item'>\n\t\t\t<dt class='gallery-icon portrait'>\n\t\t\t\t<a data-rel=\"iLightbox[postimages]\" data-title=\"Screenshot_20220827-184930_Instagram\" data-caption=\"\" href='https:\/\/virtualnimuzej.aspira.hr\/es\/romanito\/screenshot_20220827-184930_instagram-4\/'><img decoding=\"async\" width=\"150\" height=\"150\" src=\"https:\/\/virtualnimuzej.aspira.hr\/wp-content\/uploads\/2022\/10\/Screenshot_20220827-184930_Instagram-7-150x150.jpg\" class=\"attachment-thumbnail size-thumbnail\" alt=\"\" srcset=\"https:\/\/virtualnimuzej.aspira.hr\/wp-content\/uploads\/2022\/10\/Screenshot_20220827-184930_Instagram-7-66x66.jpg 66w, https:\/\/virtualnimuzej.aspira.hr\/wp-content\/uploads\/2022\/10\/Screenshot_20220827-184930_Instagram-7-150x150.jpg 150w\" sizes=\"(max-width: 150px) 100vw, 150px\" \/><\/a>\n\t\t\t<\/dt><\/dl><br style=\"clear: both\" \/><dl class='gallery-item'>\n\t\t\t<dt class='gallery-icon landscape'>\n\t\t\t\t<a data-rel=\"iLightbox[postimages]\" data-title=\"Screenshot_20220827-230438_Gallery\" data-caption=\"\" href='https:\/\/virtualnimuzej.aspira.hr\/es\/romanito\/screenshot_20220827-230438_gallery-4\/'><img decoding=\"async\" width=\"150\" height=\"150\" src=\"https:\/\/virtualnimuzej.aspira.hr\/wp-content\/uploads\/2022\/10\/Screenshot_20220827-230438_Gallery-7-150x150.jpg\" class=\"attachment-thumbnail size-thumbnail\" alt=\"\" srcset=\"https:\/\/virtualnimuzej.aspira.hr\/wp-content\/uploads\/2022\/10\/Screenshot_20220827-230438_Gallery-7-66x66.jpg 66w, https:\/\/virtualnimuzej.aspira.hr\/wp-content\/uploads\/2022\/10\/Screenshot_20220827-230438_Gallery-7-150x150.jpg 150w\" sizes=\"(max-width: 150px) 100vw, 150px\" \/><\/a>\n\t\t\t<\/dt><\/dl><dl class='gallery-item'>\n\t\t\t<dt class='gallery-icon landscape'>\n\t\t\t\t<a data-rel=\"iLightbox[postimages]\" data-title=\"Screenshot_20220828-005023_Instagram\" data-caption=\"\" href='https:\/\/virtualnimuzej.aspira.hr\/es\/romanito\/screenshot_20220828-005023_instagram-4\/'><img decoding=\"async\" width=\"150\" height=\"150\" src=\"https:\/\/virtualnimuzej.aspira.hr\/wp-content\/uploads\/2022\/10\/Screenshot_20220828-005023_Instagram-7-150x150.jpg\" class=\"attachment-thumbnail size-thumbnail\" alt=\"\" srcset=\"https:\/\/virtualnimuzej.aspira.hr\/wp-content\/uploads\/2022\/10\/Screenshot_20220828-005023_Instagram-7-66x66.jpg 66w, https:\/\/virtualnimuzej.aspira.hr\/wp-content\/uploads\/2022\/10\/Screenshot_20220828-005023_Instagram-7-150x150.jpg 150w\" sizes=\"(max-width: 150px) 100vw, 150px\" \/><\/a>\n\t\t\t<\/dt><\/dl>\n\t\t\t<br style='clear: both' \/>\n\t\t<\/div>\n\n<p>&nbsp;<\/p>\n<p>Hija Alicia Emilia Supljina<\/p>\n","protected":false},"excerpt":{"rendered":"<p>Romano Supljina &nbsp; La historia de mi familia comienza en 1927 en la Pen\u00ednsula de Istria\u00a0 Trieste nace mi padre Romano Supljina con nacionalidad Italiano. Hijo de madre sola y [&hellip;]<\/p>\n","protected":false},"author":1,"featured_media":6782,"comment_status":"open","ping_status":"open","sticky":false,"template":"","format":"standard","meta":{"footnotes":""},"categories":[75],"tags":[],"class_list":["post-6781","post","type-post","status-publish","format-standard","has-post-thumbnail","hentry","category-argentina-es"],"yoast_head":"<!-- This site is optimized with the Yoast SEO plugin v20.7 - https:\/\/yoast.com\/wordpress\/plugins\/seo\/ -->\n<title>Romanito - Aspira Virtualni Muzej iseljeni\u0161tva Dalmacije<\/title>\n<meta name=\"robots\" content=\"index, follow, max-snippet:-1, max-image-preview:large, max-video-preview:-1\" \/>\n<link rel=\"canonical\" href=\"https:\/\/virtualnimuzej.aspira.hr\/es\/romanito\/\" \/>\n<meta property=\"og:locale\" content=\"es_ES\" \/>\n<meta property=\"og:type\" content=\"article\" \/>\n<meta property=\"og:title\" content=\"Romanito - Aspira Virtualni Muzej iseljeni\u0161tva Dalmacije\" \/>\n<meta property=\"og:description\" content=\"Romano Supljina &nbsp; La historia de mi familia comienza en 1927 en la Pen\u00ednsula de Istria\u00a0 Trieste nace mi padre Romano Supljina con nacionalidad Italiano. Hijo de madre sola y [&hellip;]\" \/>\n<meta property=\"og:url\" content=\"https:\/\/virtualnimuzej.aspira.hr\/es\/romanito\/\" \/>\n<meta property=\"og:site_name\" content=\"Aspira Virtualni Muzej iseljeni\u0161tva Dalmacije\" \/>\n<meta property=\"article:published_time\" content=\"2022-10-28T17:59:51+00:00\" \/>\n<meta property=\"article:modified_time\" content=\"2022-10-28T20:28:16+00:00\" \/>\n<meta property=\"og:image\" content=\"https:\/\/virtualnimuzej.aspira.hr\/wp-content\/uploads\/2022\/10\/fondo_nosotros-2.jpg\" \/>\n\t<meta property=\"og:image:width\" content=\"800\" \/>\n\t<meta property=\"og:image:height\" content=\"814\" \/>\n\t<meta property=\"og:image:type\" content=\"image\/jpeg\" \/>\n<meta name=\"author\" content=\"VmuzejAspira\" \/>\n<meta name=\"twitter:card\" content=\"summary_large_image\" \/>\n<meta name=\"twitter:label1\" content=\"Escrito por\" \/>\n\t<meta name=\"twitter:data1\" content=\"VmuzejAspira\" \/>\n\t<meta name=\"twitter:label2\" content=\"Tiempo de lectura\" \/>\n\t<meta name=\"twitter:data2\" content=\"5 minutos\" \/>\n<script type=\"application\/ld+json\" class=\"yoast-schema-graph\">{\"@context\":\"https:\/\/schema.org\",\"@graph\":[{\"@type\":\"WebPage\",\"@id\":\"https:\/\/virtualnimuzej.aspira.hr\/es\/romanito\/\",\"url\":\"https:\/\/virtualnimuzej.aspira.hr\/es\/romanito\/\",\"name\":\"Romanito - Aspira Virtualni Muzej iseljeni\u0161tva Dalmacije\",\"isPartOf\":{\"@id\":\"https:\/\/virtualnimuzej.aspira.hr\/#website\"},\"datePublished\":\"2022-10-28T17:59:51+00:00\",\"dateModified\":\"2022-10-28T20:28:16+00:00\",\"author\":{\"@id\":\"https:\/\/virtualnimuzej.aspira.hr\/#\/schema\/person\/8b28048370e78968988c04d6f1ba104d\"},\"breadcrumb\":{\"@id\":\"https:\/\/virtualnimuzej.aspira.hr\/es\/romanito\/#breadcrumb\"},\"inLanguage\":\"es\",\"potentialAction\":[{\"@type\":\"ReadAction\",\"target\":[\"https:\/\/virtualnimuzej.aspira.hr\/es\/romanito\/\"]}]},{\"@type\":\"BreadcrumbList\",\"@id\":\"https:\/\/virtualnimuzej.aspira.hr\/es\/romanito\/#breadcrumb\",\"itemListElement\":[{\"@type\":\"ListItem\",\"position\":1,\"name\":\"Naslovna\",\"item\":\"https:\/\/virtualnimuzej.aspira.hr\/es\/\"},{\"@type\":\"ListItem\",\"position\":2,\"name\":\"Romanito\"}]},{\"@type\":\"WebSite\",\"@id\":\"https:\/\/virtualnimuzej.aspira.hr\/#website\",\"url\":\"https:\/\/virtualnimuzej.aspira.hr\/\",\"name\":\"Aspira Virtualni Muzej iseljeni\u0161tva Dalmacije\",\"description\":\"Muzej iseljeni\u0161tva je zami\u0161ljen kao mjesto skupljanja i prezentacije gra\u0111e o hrvatskom iseljeni\u0161tvu i povijesti iseljavanja koja nikada nije bila dovoljno istra\u017eena.\",\"potentialAction\":[{\"@type\":\"SearchAction\",\"target\":{\"@type\":\"EntryPoint\",\"urlTemplate\":\"https:\/\/virtualnimuzej.aspira.hr\/?s={search_term_string}\"},\"query-input\":\"required name=search_term_string\"}],\"inLanguage\":\"es\"},{\"@type\":\"Person\",\"@id\":\"https:\/\/virtualnimuzej.aspira.hr\/#\/schema\/person\/8b28048370e78968988c04d6f1ba104d\",\"name\":\"VmuzejAspira\",\"image\":{\"@type\":\"ImageObject\",\"inLanguage\":\"es\",\"@id\":\"https:\/\/virtualnimuzej.aspira.hr\/#\/schema\/person\/image\/\",\"url\":\"https:\/\/secure.gravatar.com\/avatar\/cfa7124a34eec5233efffe1e8fb23c18bb83abdb6129e8f47c9144109613a228?s=96&d=mm&r=g\",\"contentUrl\":\"https:\/\/secure.gravatar.com\/avatar\/cfa7124a34eec5233efffe1e8fb23c18bb83abdb6129e8f47c9144109613a228?s=96&d=mm&r=g\",\"caption\":\"VmuzejAspira\"},\"sameAs\":[\"http:\/\/virtualnimuzej.aspira.hr\"],\"url\":\"https:\/\/virtualnimuzej.aspira.hr\/es\/author\/vmuzejaspira\/\"}]}<\/script>\n<!-- \/ Yoast SEO plugin. -->","yoast_head_json":{"title":"Romanito - Aspira Virtualni Muzej iseljeni\u0161tva Dalmacije","robots":{"index":"index","follow":"follow","max-snippet":"max-snippet:-1","max-image-preview":"max-image-preview:large","max-video-preview":"max-video-preview:-1"},"canonical":"https:\/\/virtualnimuzej.aspira.hr\/es\/romanito\/","og_locale":"es_ES","og_type":"article","og_title":"Romanito - Aspira Virtualni Muzej iseljeni\u0161tva Dalmacije","og_description":"Romano Supljina &nbsp; La historia de mi familia comienza en 1927 en la Pen\u00ednsula de Istria\u00a0 Trieste nace mi padre Romano Supljina con nacionalidad Italiano. Hijo de madre sola y [&hellip;]","og_url":"https:\/\/virtualnimuzej.aspira.hr\/es\/romanito\/","og_site_name":"Aspira Virtualni Muzej iseljeni\u0161tva Dalmacije","article_published_time":"2022-10-28T17:59:51+00:00","article_modified_time":"2022-10-28T20:28:16+00:00","og_image":[{"width":800,"height":814,"url":"https:\/\/virtualnimuzej.aspira.hr\/wp-content\/uploads\/2022\/10\/fondo_nosotros-2.jpg","type":"image\/jpeg"}],"author":"VmuzejAspira","twitter_card":"summary_large_image","twitter_misc":{"Escrito por":"VmuzejAspira","Tiempo de lectura":"5 minutos"},"schema":{"@context":"https:\/\/schema.org","@graph":[{"@type":"WebPage","@id":"https:\/\/virtualnimuzej.aspira.hr\/es\/romanito\/","url":"https:\/\/virtualnimuzej.aspira.hr\/es\/romanito\/","name":"Romanito - Aspira Virtualni Muzej iseljeni\u0161tva Dalmacije","isPartOf":{"@id":"https:\/\/virtualnimuzej.aspira.hr\/#website"},"datePublished":"2022-10-28T17:59:51+00:00","dateModified":"2022-10-28T20:28:16+00:00","author":{"@id":"https:\/\/virtualnimuzej.aspira.hr\/#\/schema\/person\/8b28048370e78968988c04d6f1ba104d"},"breadcrumb":{"@id":"https:\/\/virtualnimuzej.aspira.hr\/es\/romanito\/#breadcrumb"},"inLanguage":"es","potentialAction":[{"@type":"ReadAction","target":["https:\/\/virtualnimuzej.aspira.hr\/es\/romanito\/"]}]},{"@type":"BreadcrumbList","@id":"https:\/\/virtualnimuzej.aspira.hr\/es\/romanito\/#breadcrumb","itemListElement":[{"@type":"ListItem","position":1,"name":"Naslovna","item":"https:\/\/virtualnimuzej.aspira.hr\/es\/"},{"@type":"ListItem","position":2,"name":"Romanito"}]},{"@type":"WebSite","@id":"https:\/\/virtualnimuzej.aspira.hr\/#website","url":"https:\/\/virtualnimuzej.aspira.hr\/","name":"Aspira Virtualni Muzej iseljeni\u0161tva Dalmacije","description":"Muzej iseljeni\u0161tva je zami\u0161ljen kao mjesto skupljanja i prezentacije gra\u0111e o hrvatskom iseljeni\u0161tvu i povijesti iseljavanja koja nikada nije bila dovoljno istra\u017eena.","potentialAction":[{"@type":"SearchAction","target":{"@type":"EntryPoint","urlTemplate":"https:\/\/virtualnimuzej.aspira.hr\/?s={search_term_string}"},"query-input":"required name=search_term_string"}],"inLanguage":"es"},{"@type":"Person","@id":"https:\/\/virtualnimuzej.aspira.hr\/#\/schema\/person\/8b28048370e78968988c04d6f1ba104d","name":"VmuzejAspira","image":{"@type":"ImageObject","inLanguage":"es","@id":"https:\/\/virtualnimuzej.aspira.hr\/#\/schema\/person\/image\/","url":"https:\/\/secure.gravatar.com\/avatar\/cfa7124a34eec5233efffe1e8fb23c18bb83abdb6129e8f47c9144109613a228?s=96&d=mm&r=g","contentUrl":"https:\/\/secure.gravatar.com\/avatar\/cfa7124a34eec5233efffe1e8fb23c18bb83abdb6129e8f47c9144109613a228?s=96&d=mm&r=g","caption":"VmuzejAspira"},"sameAs":["http:\/\/virtualnimuzej.aspira.hr"],"url":"https:\/\/virtualnimuzej.aspira.hr\/es\/author\/vmuzejaspira\/"}]}},"_links":{"self":[{"href":"https:\/\/virtualnimuzej.aspira.hr\/es\/wp-json\/wp\/v2\/posts\/6781","targetHints":{"allow":["GET"]}}],"collection":[{"href":"https:\/\/virtualnimuzej.aspira.hr\/es\/wp-json\/wp\/v2\/posts"}],"about":[{"href":"https:\/\/virtualnimuzej.aspira.hr\/es\/wp-json\/wp\/v2\/types\/post"}],"author":[{"embeddable":true,"href":"https:\/\/virtualnimuzej.aspira.hr\/es\/wp-json\/wp\/v2\/users\/1"}],"replies":[{"embeddable":true,"href":"https:\/\/virtualnimuzej.aspira.hr\/es\/wp-json\/wp\/v2\/comments?post=6781"}],"version-history":[{"count":2,"href":"https:\/\/virtualnimuzej.aspira.hr\/es\/wp-json\/wp\/v2\/posts\/6781\/revisions"}],"predecessor-version":[{"id":7020,"href":"https:\/\/virtualnimuzej.aspira.hr\/es\/wp-json\/wp\/v2\/posts\/6781\/revisions\/7020"}],"wp:featuredmedia":[{"embeddable":true,"href":"https:\/\/virtualnimuzej.aspira.hr\/es\/wp-json\/wp\/v2\/media\/6782"}],"wp:attachment":[{"href":"https:\/\/virtualnimuzej.aspira.hr\/es\/wp-json\/wp\/v2\/media?parent=6781"}],"wp:term":[{"taxonomy":"category","embeddable":true,"href":"https:\/\/virtualnimuzej.aspira.hr\/es\/wp-json\/wp\/v2\/categories?post=6781"},{"taxonomy":"post_tag","embeddable":true,"href":"https:\/\/virtualnimuzej.aspira.hr\/es\/wp-json\/wp\/v2\/tags?post=6781"}],"curies":[{"name":"wp","href":"https:\/\/api.w.org\/{rel}","templated":true}]}}