{"id":7113,"date":"2022-10-29T17:57:28","date_gmt":"2022-10-29T15:57:28","guid":{"rendered":"https:\/\/virtualnimuzej.aspira.hr\/?p=7113"},"modified":"2022-10-29T17:57:28","modified_gmt":"2022-10-29T15:57:28","slug":"el-concurso-de-historia-familiar-ha-finalizado","status":"publish","type":"post","link":"https:\/\/virtualnimuzej.aspira.hr\/es\/el-concurso-de-historia-familiar-ha-finalizado\/","title":{"rendered":"EL CONCURSO DE HISTORIA FAMILIAR HA FINALIZADO"},"content":{"rendered":"<p>&nbsp;<\/p>\n<p>&nbsp;<\/p>\n<p>Aspira Colegio de Administraci\u00f3n y Dise\u00f1o y Radio Bar Croata de Rosario, Argentina organizaron un concurso de historia familiar. El objetivo del concurso era animar a las familias croatas en emigraci\u00f3n a publicar sus historias en el Museo Virtual de Emigraci\u00f3n Aspirin recientemente inaugurado. La competencia finaliz\u00f3 el viernes 28 de octubre de 2022, cuando el afortunado ganador del premio, que fue generosamente ofrecido por Dean Alen Jerkunica, fue sorteado en un espect\u00e1culo en vivo. El premio fue sorteado de acuerdo al sistema de loter\u00eda, porque todas las historias son igualmente importantes para nosotros, y la afortunada ganadora, Elena Pane de Perez Maricevich, tuvo la oportunidad de estudiar en Aspira College gratis por un a\u00f1o. Es una reconocida acad\u00e9mica paraguaya y esposa del difunto acad\u00e9mico Francisco P\u00e9rez Maricevich, y se supone que la se\u00f1ora Pane de P\u00e9rez Maricevich no vendr\u00e1 a estudiar a Split, pero tiene derecho a entregar el premio a un miembro. de su familia o de un amigo. El ganador fue elegido por Josip Radi\u0107, coordinador de la oficina de cooperaci\u00f3n internacional de Aspira, quien puede presentar a todas las partes interesadas lo que Aspira ofrece a sus estudiantes.<\/p>\n<p>Croatas de cinco pa\u00edses sudamericanos, a saber, Argentina, Per\u00fa, Chile, Bolivia y Paraguay, se postularon para la competencia. Los participantes del concurso fueron:<\/p>\n<p>&nbsp;<\/p>\n<p>ARGENTINA:<\/p>\n<ol>\n<li>Tania Mar\u00e9<\/li>\n<li>David Boskovic (Bo\u0161kovi\u0107)<\/li>\n<li>Carola Noem\u00ed Rodr\u00edguez Radocaj (Rado\u010daj)<\/li>\n<li>Laura Kegalj Rebic (Rebic)<\/li>\n<li>Susana Gilli Bojanic (Bojani\u0107)<\/li>\n<li>Zvonko Jelovina<\/li>\n<li>Jorgelina Miranda Hurra Robles<\/li>\n<li>Alicia Emilia Suplina (Supljina)<\/li>\n<li>Luisina Rampinini Pasinovich<\/li>\n<li>Mat\u00edas Pracht (Batos)<\/li>\n<\/ol>\n<p>&nbsp;<\/p>\n<p>PARAGUAY:<\/p>\n<ol start=\"11\">\n<li>Juan Carlos Sisul (Si\u0161ul)<\/li>\n<li>Alicia Patricia P\u00e9rez Pane<\/li>\n<li>Esteban Armando Kriskovich De Vargas (Kri\u0161kovi\u0107)<\/li>\n<li>Isabela Calcena Lusichici (Lu\u0161i\u010di\u0107)<\/li>\n<li>Ruth Cocian (Ko\u010dan)<\/li>\n<li>Mariana Glavinic Luraschi (Glavinic)<\/li>\n<li>Elena Pane de P\u00e9rez Maricevich (Mari\u010devi\u0107)<\/li>\n<li>Davor Kellac Garc\u00eda<\/li>\n<\/ol>\n<p>&nbsp;<\/p>\n<p>PER\u00da:<\/p>\n<ol start=\"19\">\n<li>Camila Mej\u00eda<\/li>\n<li>Antonio Ernesto Echeverr\u00eda Zaput (Caput)<\/li>\n<\/ol>\n<p>&nbsp;<\/p>\n<p>BOLIVIA:<\/p>\n<ol start=\"21\">\n<li>Dragomir Srecko Mileta<\/li>\n<\/ol>\n<p>&nbsp;<\/p>\n<p>CHILE:<\/p>\n<ol start=\"22\">\n<li>Dusan Vuskovic (Du\u0161an Vu\u0161kovi\u0107)<\/li>\n<li>Lorenzo Caglevic Bakovic (Caglevic Bakovic)<\/li>\n<\/ol>\n<p>&nbsp;<\/p>\n<p>Dean Alen Jerkunica, coordinador de relaciones internacionales Josip Radi\u0107 y mi peque\u00f1o, felicitamos al ganador y agradecemos a todos los candidatos por su participaci\u00f3n y nos gustar\u00eda se\u00f1alar que todav\u00eda estamos abiertos a la cooperaci\u00f3n y que estaremos encantados de seguir recibiendo sus historias familiares. As\u00ed que escr\u00edbenos y cont\u00e1ctanos.<\/p>\n<p>&nbsp;<\/p>\n<p><img decoding=\"async\" class=\"alignnone size-medium wp-image-7117\" src=\"https:\/\/virtualnimuzej.aspira.hr\/wp-content\/uploads\/2022\/10\/IMG-20221029-WA0002-300x267.jpg\" alt=\"\" width=\"300\" height=\"267\" srcset=\"https:\/\/virtualnimuzej.aspira.hr\/wp-content\/uploads\/2022\/10\/IMG-20221029-WA0002-200x178.jpg 200w, https:\/\/virtualnimuzej.aspira.hr\/wp-content\/uploads\/2022\/10\/IMG-20221029-WA0002-300x267.jpg 300w, https:\/\/virtualnimuzej.aspira.hr\/wp-content\/uploads\/2022\/10\/IMG-20221029-WA0002-400x357.jpg 400w, https:\/\/virtualnimuzej.aspira.hr\/wp-content\/uploads\/2022\/10\/IMG-20221029-WA0002-600x535.jpg 600w, https:\/\/virtualnimuzej.aspira.hr\/wp-content\/uploads\/2022\/10\/IMG-20221029-WA0002.jpg 727w\" sizes=\"(max-width: 300px) 100vw, 300px\" \/><\/p>\n<p>Branka Bezi\u0107 Filipovi\u0107<\/p>\n","protected":false},"excerpt":{"rendered":"<p>&nbsp; &nbsp; Aspira Colegio de Administraci\u00f3n y Dise\u00f1o y Radio Bar Croata de Rosario, Argentina organizaron un concurso de historia familiar. El objetivo del concurso era animar a las familias [&hellip;]<\/p>\n","protected":false},"author":1,"featured_media":7114,"comment_status":"open","ping_status":"open","sticky":false,"template":"","format":"standard","meta":{"footnotes":""},"categories":[41],"tags":[],"class_list":["post-7113","post","type-post","status-publish","format-standard","has-post-thumbnail","hentry","category-noticias"],"yoast_head":"<!-- This site is optimized with the Yoast SEO plugin v20.7 - https:\/\/yoast.com\/wordpress\/plugins\/seo\/ -->\n<title>EL CONCURSO DE HISTORIA FAMILIAR HA FINALIZADO - Aspira Virtualni Muzej iseljeni\u0161tva Dalmacije<\/title>\n<meta name=\"robots\" content=\"index, follow, max-snippet:-1, max-image-preview:large, max-video-preview:-1\" \/>\n<link rel=\"canonical\" href=\"https:\/\/virtualnimuzej.aspira.hr\/es\/el-concurso-de-historia-familiar-ha-finalizado\/\" \/>\n<meta property=\"og:locale\" content=\"es_ES\" \/>\n<meta property=\"og:type\" content=\"article\" \/>\n<meta property=\"og:title\" content=\"EL CONCURSO DE HISTORIA FAMILIAR HA FINALIZADO - Aspira Virtualni Muzej iseljeni\u0161tva Dalmacije\" \/>\n<meta property=\"og:description\" content=\"&nbsp; &nbsp; Aspira Colegio de Administraci\u00f3n y Dise\u00f1o y Radio Bar Croata de Rosario, Argentina organizaron un concurso de historia familiar. El objetivo del concurso era animar a las familias [&hellip;]\" \/>\n<meta property=\"og:url\" content=\"https:\/\/virtualnimuzej.aspira.hr\/es\/el-concurso-de-historia-familiar-ha-finalizado\/\" \/>\n<meta property=\"og:site_name\" content=\"Aspira Virtualni Muzej iseljeni\u0161tva Dalmacije\" \/>\n<meta property=\"article:published_time\" content=\"2022-10-29T15:57:28+00:00\" \/>\n<meta property=\"og:image\" content=\"https:\/\/virtualnimuzej.aspira.hr\/wp-content\/uploads\/2022\/10\/10579431.webp\" \/>\n\t<meta property=\"og:image:width\" content=\"1920\" \/>\n\t<meta property=\"og:image:height\" content=\"1450\" \/>\n\t<meta property=\"og:image:type\" content=\"image\/webp\" \/>\n<meta name=\"author\" content=\"VmuzejAspira\" \/>\n<meta name=\"twitter:card\" content=\"summary_large_image\" \/>\n<meta name=\"twitter:label1\" content=\"Escrito por\" \/>\n\t<meta name=\"twitter:data1\" content=\"VmuzejAspira\" \/>\n\t<meta name=\"twitter:label2\" content=\"Tiempo de lectura\" \/>\n\t<meta name=\"twitter:data2\" content=\"3 minutos\" \/>\n<script type=\"application\/ld+json\" class=\"yoast-schema-graph\">{\"@context\":\"https:\/\/schema.org\",\"@graph\":[{\"@type\":\"WebPage\",\"@id\":\"https:\/\/virtualnimuzej.aspira.hr\/es\/el-concurso-de-historia-familiar-ha-finalizado\/\",\"url\":\"https:\/\/virtualnimuzej.aspira.hr\/es\/el-concurso-de-historia-familiar-ha-finalizado\/\",\"name\":\"EL CONCURSO DE HISTORIA FAMILIAR HA FINALIZADO - Aspira Virtualni Muzej iseljeni\u0161tva Dalmacije\",\"isPartOf\":{\"@id\":\"https:\/\/virtualnimuzej.aspira.hr\/#website\"},\"datePublished\":\"2022-10-29T15:57:28+00:00\",\"dateModified\":\"2022-10-29T15:57:28+00:00\",\"author\":{\"@id\":\"https:\/\/virtualnimuzej.aspira.hr\/#\/schema\/person\/8b28048370e78968988c04d6f1ba104d\"},\"breadcrumb\":{\"@id\":\"https:\/\/virtualnimuzej.aspira.hr\/es\/el-concurso-de-historia-familiar-ha-finalizado\/#breadcrumb\"},\"inLanguage\":\"es\",\"potentialAction\":[{\"@type\":\"ReadAction\",\"target\":[\"https:\/\/virtualnimuzej.aspira.hr\/es\/el-concurso-de-historia-familiar-ha-finalizado\/\"]}]},{\"@type\":\"BreadcrumbList\",\"@id\":\"https:\/\/virtualnimuzej.aspira.hr\/es\/el-concurso-de-historia-familiar-ha-finalizado\/#breadcrumb\",\"itemListElement\":[{\"@type\":\"ListItem\",\"position\":1,\"name\":\"Naslovna\",\"item\":\"https:\/\/virtualnimuzej.aspira.hr\/es\/\"},{\"@type\":\"ListItem\",\"position\":2,\"name\":\"EL CONCURSO DE HISTORIA FAMILIAR HA FINALIZADO\"}]},{\"@type\":\"WebSite\",\"@id\":\"https:\/\/virtualnimuzej.aspira.hr\/#website\",\"url\":\"https:\/\/virtualnimuzej.aspira.hr\/\",\"name\":\"Aspira Virtualni Muzej iseljeni\u0161tva Dalmacije\",\"description\":\"Muzej iseljeni\u0161tva je zami\u0161ljen kao mjesto skupljanja i prezentacije gra\u0111e o hrvatskom iseljeni\u0161tvu i povijesti iseljavanja koja nikada nije bila dovoljno istra\u017eena.\",\"potentialAction\":[{\"@type\":\"SearchAction\",\"target\":{\"@type\":\"EntryPoint\",\"urlTemplate\":\"https:\/\/virtualnimuzej.aspira.hr\/?s={search_term_string}\"},\"query-input\":\"required name=search_term_string\"}],\"inLanguage\":\"es\"},{\"@type\":\"Person\",\"@id\":\"https:\/\/virtualnimuzej.aspira.hr\/#\/schema\/person\/8b28048370e78968988c04d6f1ba104d\",\"name\":\"VmuzejAspira\",\"image\":{\"@type\":\"ImageObject\",\"inLanguage\":\"es\",\"@id\":\"https:\/\/virtualnimuzej.aspira.hr\/#\/schema\/person\/image\/\",\"url\":\"https:\/\/secure.gravatar.com\/avatar\/cfa7124a34eec5233efffe1e8fb23c18bb83abdb6129e8f47c9144109613a228?s=96&d=mm&r=g\",\"contentUrl\":\"https:\/\/secure.gravatar.com\/avatar\/cfa7124a34eec5233efffe1e8fb23c18bb83abdb6129e8f47c9144109613a228?s=96&d=mm&r=g\",\"caption\":\"VmuzejAspira\"},\"sameAs\":[\"http:\/\/virtualnimuzej.aspira.hr\"],\"url\":\"https:\/\/virtualnimuzej.aspira.hr\/es\/author\/vmuzejaspira\/\"}]}<\/script>\n<!-- \/ Yoast SEO plugin. -->","yoast_head_json":{"title":"EL CONCURSO DE HISTORIA FAMILIAR HA FINALIZADO - Aspira Virtualni Muzej iseljeni\u0161tva Dalmacije","robots":{"index":"index","follow":"follow","max-snippet":"max-snippet:-1","max-image-preview":"max-image-preview:large","max-video-preview":"max-video-preview:-1"},"canonical":"https:\/\/virtualnimuzej.aspira.hr\/es\/el-concurso-de-historia-familiar-ha-finalizado\/","og_locale":"es_ES","og_type":"article","og_title":"EL CONCURSO DE HISTORIA FAMILIAR HA FINALIZADO - Aspira Virtualni Muzej iseljeni\u0161tva Dalmacije","og_description":"&nbsp; &nbsp; Aspira Colegio de Administraci\u00f3n y Dise\u00f1o y Radio Bar Croata de Rosario, Argentina organizaron un concurso de historia familiar. El objetivo del concurso era animar a las familias [&hellip;]","og_url":"https:\/\/virtualnimuzej.aspira.hr\/es\/el-concurso-de-historia-familiar-ha-finalizado\/","og_site_name":"Aspira Virtualni Muzej iseljeni\u0161tva Dalmacije","article_published_time":"2022-10-29T15:57:28+00:00","og_image":[{"width":1920,"height":1450,"url":"https:\/\/virtualnimuzej.aspira.hr\/wp-content\/uploads\/2022\/10\/10579431.webp","type":"image\/webp"}],"author":"VmuzejAspira","twitter_card":"summary_large_image","twitter_misc":{"Escrito por":"VmuzejAspira","Tiempo de lectura":"3 minutos"},"schema":{"@context":"https:\/\/schema.org","@graph":[{"@type":"WebPage","@id":"https:\/\/virtualnimuzej.aspira.hr\/es\/el-concurso-de-historia-familiar-ha-finalizado\/","url":"https:\/\/virtualnimuzej.aspira.hr\/es\/el-concurso-de-historia-familiar-ha-finalizado\/","name":"EL CONCURSO DE HISTORIA FAMILIAR HA FINALIZADO - Aspira Virtualni Muzej iseljeni\u0161tva Dalmacije","isPartOf":{"@id":"https:\/\/virtualnimuzej.aspira.hr\/#website"},"datePublished":"2022-10-29T15:57:28+00:00","dateModified":"2022-10-29T15:57:28+00:00","author":{"@id":"https:\/\/virtualnimuzej.aspira.hr\/#\/schema\/person\/8b28048370e78968988c04d6f1ba104d"},"breadcrumb":{"@id":"https:\/\/virtualnimuzej.aspira.hr\/es\/el-concurso-de-historia-familiar-ha-finalizado\/#breadcrumb"},"inLanguage":"es","potentialAction":[{"@type":"ReadAction","target":["https:\/\/virtualnimuzej.aspira.hr\/es\/el-concurso-de-historia-familiar-ha-finalizado\/"]}]},{"@type":"BreadcrumbList","@id":"https:\/\/virtualnimuzej.aspira.hr\/es\/el-concurso-de-historia-familiar-ha-finalizado\/#breadcrumb","itemListElement":[{"@type":"ListItem","position":1,"name":"Naslovna","item":"https:\/\/virtualnimuzej.aspira.hr\/es\/"},{"@type":"ListItem","position":2,"name":"EL CONCURSO DE HISTORIA FAMILIAR HA FINALIZADO"}]},{"@type":"WebSite","@id":"https:\/\/virtualnimuzej.aspira.hr\/#website","url":"https:\/\/virtualnimuzej.aspira.hr\/","name":"Aspira Virtualni Muzej iseljeni\u0161tva Dalmacije","description":"Muzej iseljeni\u0161tva je zami\u0161ljen kao mjesto skupljanja i prezentacije gra\u0111e o hrvatskom iseljeni\u0161tvu i povijesti iseljavanja koja nikada nije bila dovoljno istra\u017eena.","potentialAction":[{"@type":"SearchAction","target":{"@type":"EntryPoint","urlTemplate":"https:\/\/virtualnimuzej.aspira.hr\/?s={search_term_string}"},"query-input":"required name=search_term_string"}],"inLanguage":"es"},{"@type":"Person","@id":"https:\/\/virtualnimuzej.aspira.hr\/#\/schema\/person\/8b28048370e78968988c04d6f1ba104d","name":"VmuzejAspira","image":{"@type":"ImageObject","inLanguage":"es","@id":"https:\/\/virtualnimuzej.aspira.hr\/#\/schema\/person\/image\/","url":"https:\/\/secure.gravatar.com\/avatar\/cfa7124a34eec5233efffe1e8fb23c18bb83abdb6129e8f47c9144109613a228?s=96&d=mm&r=g","contentUrl":"https:\/\/secure.gravatar.com\/avatar\/cfa7124a34eec5233efffe1e8fb23c18bb83abdb6129e8f47c9144109613a228?s=96&d=mm&r=g","caption":"VmuzejAspira"},"sameAs":["http:\/\/virtualnimuzej.aspira.hr"],"url":"https:\/\/virtualnimuzej.aspira.hr\/es\/author\/vmuzejaspira\/"}]}},"_links":{"self":[{"href":"https:\/\/virtualnimuzej.aspira.hr\/es\/wp-json\/wp\/v2\/posts\/7113","targetHints":{"allow":["GET"]}}],"collection":[{"href":"https:\/\/virtualnimuzej.aspira.hr\/es\/wp-json\/wp\/v2\/posts"}],"about":[{"href":"https:\/\/virtualnimuzej.aspira.hr\/es\/wp-json\/wp\/v2\/types\/post"}],"author":[{"embeddable":true,"href":"https:\/\/virtualnimuzej.aspira.hr\/es\/wp-json\/wp\/v2\/users\/1"}],"replies":[{"embeddable":true,"href":"https:\/\/virtualnimuzej.aspira.hr\/es\/wp-json\/wp\/v2\/comments?post=7113"}],"version-history":[{"count":1,"href":"https:\/\/virtualnimuzej.aspira.hr\/es\/wp-json\/wp\/v2\/posts\/7113\/revisions"}],"predecessor-version":[{"id":7120,"href":"https:\/\/virtualnimuzej.aspira.hr\/es\/wp-json\/wp\/v2\/posts\/7113\/revisions\/7120"}],"wp:featuredmedia":[{"embeddable":true,"href":"https:\/\/virtualnimuzej.aspira.hr\/es\/wp-json\/wp\/v2\/media\/7114"}],"wp:attachment":[{"href":"https:\/\/virtualnimuzej.aspira.hr\/es\/wp-json\/wp\/v2\/media?parent=7113"}],"wp:term":[{"taxonomy":"category","embeddable":true,"href":"https:\/\/virtualnimuzej.aspira.hr\/es\/wp-json\/wp\/v2\/categories?post=7113"},{"taxonomy":"post_tag","embeddable":true,"href":"https:\/\/virtualnimuzej.aspira.hr\/es\/wp-json\/wp\/v2\/tags?post=7113"}],"curies":[{"name":"wp","href":"https:\/\/api.w.org\/{rel}","templated":true}]}}