{"id":7177,"date":"2022-10-29T22:01:22","date_gmt":"2022-10-29T20:01:22","guid":{"rendered":"https:\/\/virtualnimuzej.aspira.hr\/?p=7177"},"modified":"2022-10-29T22:01:40","modified_gmt":"2022-10-29T20:01:40","slug":"eslabon-cerrado-la-vida-de-simun-hreljac","status":"publish","type":"post","link":"https:\/\/virtualnimuzej.aspira.hr\/es\/eslabon-cerrado-la-vida-de-simun-hreljac\/","title":{"rendered":"Eslabon cerrado &#8211; la vida de \u0160imun Hreljac"},"content":{"rendered":"<p>&nbsp;<\/p>\n<p>&nbsp;<\/p>\n<p>Desde que tengo memoria los domingos eran especiales por que \u00edbamos con mis padres al entonces Cementerio de la Sociedad Yugoslava (ahora Croata) de la ciudad de Oruro-Bolivia, donde llamaba la atenci\u00f3n de propios y extra\u00f1os las piedras esculpidas con las que se edificaron los mausoleos y pabellones, prolijamente hac\u00edamos limpieza de los \u201cnichos\u201d funerarios de mis abuelos puliendo las l\u00e1pidas de bronce, luego de lavar los antiguos floreros se adornaban con coloridas flores, luego proced\u00edamos a rezar por su eterno descanso, era la misma costumbre por much\u00edsimos a\u00f1os, en cada visita no perd\u00eda la oportunidad de leer los dif\u00edciles nombres de las l\u00e1pidas de bronce, algunas de hierro forjado, otras de m\u00e1rmol muy elegantes, entre todas un nicho sin l\u00e1pida llamaba mi atenci\u00f3n, sobre el revoque de yeso estaba escrito las iniciales de un nombre y la fecha de fallecimiento, me pregunte qu\u00e9 vida tuvo esa persona para acabar en el anonimato, no ten\u00eda familia o estaba de paso circunstancial donde le sorprendi\u00f3 la muerte, qui\u00e9n sabe, indudablemente el cementerio es un lugar donde uno se pone a reflexionar sobre todas las tristezas y alegr\u00edas, triunfos o fracasos que vivieron esas personas que ahora yac\u00edan inertes.<\/p>\n<p>Las oleadas migratorias de croatas de principios del Siglo XX pudieron haber tenido motivos aventureros pero lo cierto era que Europa estaba superpoblada, la hambruna y la falta de trabajo hac\u00edan estragos, la migraci\u00f3n a inmensos pa\u00edses despoblados de Am\u00e9rica eran una oferta real, miles dejaron su tierra natal con la certeza de que el lugar de partida y de llegada no iban a ser lo mismo.<\/p>\n<p>Entre esos migrantes se encontraba mi abuelo <strong>\u0160imun Hreljac Barac<\/strong>, nunca sabremos que lo inspiro (u obligo) para emprender la traves\u00eda, llama la atenci\u00f3n su juventud, sus tempranas ansias de levantar vuelo, ansias inc\u00f3lumes de superaci\u00f3n del cual todo hombre lo tiene por naturaleza, realmente ten\u00eda un esp\u00edritu noble hacia su familia, sali\u00f3 de su pueblo natal Barci de la regi\u00f3n Primorsko-Goranska dejando a sus padres y hermanos despidi\u00e9ndose con la promesa de volver, zarp\u00f3 de las costas del mar Adri\u00e1tico llegando al puerto de Buenos Aires en el a\u00f1o de 1908, viajo acompa\u00f1ado de varios muchachos con quienes seguramente compart\u00eda las mismas ilusiones, sin perder tiempo se encamino hacia la altiplanicie boliviana. A lo largo de su vida en Bolivia trabajo en la\u00a0 actividad minera, enviando remesas a su familia fruto de su esfuerzo. Casi todos los inmigrantes croatas residentes en Bolivia dedicaron algunos a\u00f1os de su vida al que hacer minero.<\/p>\n<p>&nbsp;<\/p>\n<p><img decoding=\"async\" class=\"alignnone size-medium wp-image-7181\" src=\"https:\/\/virtualnimuzej.aspira.hr\/wp-content\/uploads\/2022\/10\/1-12-294x300.jpg\" alt=\"\" width=\"294\" height=\"300\" srcset=\"https:\/\/virtualnimuzej.aspira.hr\/wp-content\/uploads\/2022\/10\/1-12-66x66.jpg 66w, https:\/\/virtualnimuzej.aspira.hr\/wp-content\/uploads\/2022\/10\/1-12-200x204.jpg 200w, https:\/\/virtualnimuzej.aspira.hr\/wp-content\/uploads\/2022\/10\/1-12-294x300.jpg 294w, https:\/\/virtualnimuzej.aspira.hr\/wp-content\/uploads\/2022\/10\/1-12-400x408.jpg 400w, https:\/\/virtualnimuzej.aspira.hr\/wp-content\/uploads\/2022\/10\/1-12-600x612.jpg 600w, https:\/\/virtualnimuzej.aspira.hr\/wp-content\/uploads\/2022\/10\/1-12.jpg 689w\" sizes=\"(max-width: 294px) 100vw, 294px\" \/><\/p>\n<p>&nbsp;<\/p>\n<p>Sim\u00f3n Krellac (modifico la escritura del apellido por cuestiones fon\u00e9ticas) conformo su familia con una ciudadana boliviana, cuyo \u00fanico hijo es mi padre Jaime Orlando quien fue educado a la usanza croata.<\/p>\n<p>Trate de entender la dimensi\u00f3n de las decisiones que tomo un d\u00eda, si bien se cobij\u00f3 en un lugar extra\u00f1o en idioma y cultura distinta a la suya, dejo a sus padres y hermanos para siempre con la promesa del retorno, sin embargo, nunca comprend\u00ed porque \u00e9l, luego de una vida abocado al trabajo nunca volvi\u00f3 a su pa\u00eds, nunca volvi\u00f3 a ver a sus padres y hermanos, vivi\u00f3 con una \u201ctristeza gigantesca\u201d que nunca lo abandono, sent\u00ed que la historia quedo incompleta y no deber\u00eda acabar as\u00ed.<\/p>\n<p>Pasados unos a\u00f1os, el programa Croaticum de la \u201cOficina Estatal para croatas fuera de la Rep\u00fablica de Croacia\u201d lanza la convocatoria p\u00fablica para<br \/>\nla concesi\u00f3n de becas para el aprendizaje del idioma croata en la Rep\u00fablica de Croacia, cumpliendo los requisitos mi hija aplico a la beca, sent\u00ed indirectamente que devolv\u00ed parte de la sangre de mi abuelo croata enviando a mi hija Marian Miroslava a la tierra que lo vio nacer, ella curso cuatro semestres\u00a0 aprendiendo el idioma y la cultura croata, obtuvo ya su Domovnica (Ciudadan\u00eda)integr\u00e1ndose plenamente a la sociedad croata fijando su residencia en Zagreb. En el verano del a\u00f1o 2017 mi hija llego al pintoresco poblado de Barci, incre\u00edblemente la direcci\u00f3n que se ten\u00eda registrado en los documentos bolivianos de mi abuelo a\u00fan se manten\u00eda, despu\u00e9s de m\u00e1s de 100 a\u00f1os la casa estaba de pie esperando, mi hija toco t\u00edmidamente la puerta y sali\u00f3 Stanislav Hreljac, la miro y le dijo en croata \u201cEres de Bolivia\u201d y la invito a pasar, aun no comprendemos como supo, fue presentada a todos, llegaron otros familiares a conocerla, aun mantengo la emoci\u00f3n de lo emotivo que fue toda esa situaci\u00f3n que ten\u00eda que ineludiblemente pasar un d\u00eda, mi abuelo tuvo cinco hermanos y Stanislav es nieto de uno de ellos, desde siempre supieron que el t\u00edo abuelo \u0160imon se embarc\u00f3 a Bolivia desapareciendo con los a\u00f1os todo rastro suyo hasta ese d\u00eda, ahora estamos contactados con nuestra familia croata gracias a la tecnolog\u00eda, hemos cerrado el eslab\u00f3n que estaba abierto.<\/p>\n<p>Gracias al gobierno croata y su Constituci\u00f3n que no olvidaron a los descendientes de los emigrados mi persona tambi\u00e9n recibi\u00f3 la Domovnica, nada ser\u00eda posible sin ese cari\u00f1o y el sentimiento profundo heredado que tenemos a la tierra que vio nacer a nuestros padres y abuelos, nuestra identidad y pertenencia al pueblo croata que se manifiesta todos los d\u00edas de nuestras vidas.<\/p>\n<p>Es un sentimiento profundo e inexplicable que solo nosotros entendemos a nuestra manera, es cierto y comprobado KRV NIJE VODA (LA SANGRE NO ES AGUA).<\/p>\n<p>&nbsp;<\/p>\n\n\t\t<style type=\"text\/css\">\n\t\t\t#gallery-1 {\n\t\t\t\tmargin: auto;\n\t\t\t}\n\t\t\t#gallery-1 .gallery-item {\n\t\t\t\tfloat: left;\n\t\t\t\tmargin-top: 10px;\n\t\t\t\ttext-align: center;\n\t\t\t\twidth: 33%;\n\t\t\t}\n\t\t\t#gallery-1 img {\n\t\t\t\tborder: 2px solid #cfcfcf;\n\t\t\t}\n\t\t\t#gallery-1 .gallery-caption {\n\t\t\t\tmargin-left: 0;\n\t\t\t}\n\t\t\t\/* see gallery_shortcode() in wp-includes\/media.php *\/\n\t\t<\/style>\n\t\t<div id='gallery-1' class='gallery galleryid-7177 gallery-columns-3 gallery-size-thumbnail'><dl class='gallery-item'>\n\t\t\t<dt class='gallery-icon portrait'>\n\t\t\t\t<a data-rel=\"iLightbox[postimages]\" data-title=\"2\" data-caption=\"\" href='https:\/\/virtualnimuzej.aspira.hr\/es\/eslabon-cerrado-la-vida-de-simun-hreljac\/2-12\/'><img decoding=\"async\" width=\"150\" height=\"150\" src=\"https:\/\/virtualnimuzej.aspira.hr\/wp-content\/uploads\/2022\/10\/2-12-150x150.jpg\" class=\"attachment-thumbnail size-thumbnail\" alt=\"\" srcset=\"https:\/\/virtualnimuzej.aspira.hr\/wp-content\/uploads\/2022\/10\/2-12-66x66.jpg 66w, https:\/\/virtualnimuzej.aspira.hr\/wp-content\/uploads\/2022\/10\/2-12-150x150.jpg 150w, https:\/\/virtualnimuzej.aspira.hr\/wp-content\/uploads\/2022\/10\/2-12-443x441.jpg 443w\" sizes=\"(max-width: 150px) 100vw, 150px\" \/><\/a>\n\t\t\t<\/dt><\/dl><dl class='gallery-item'>\n\t\t\t<dt class='gallery-icon landscape'>\n\t\t\t\t<a data-rel=\"iLightbox[postimages]\" data-title=\"3\" data-caption=\"\" href='https:\/\/virtualnimuzej.aspira.hr\/es\/eslabon-cerrado-la-vida-de-simun-hreljac\/3-10\/'><img decoding=\"async\" width=\"150\" height=\"150\" src=\"https:\/\/virtualnimuzej.aspira.hr\/wp-content\/uploads\/2022\/10\/3-12-150x150.jpg\" class=\"attachment-thumbnail size-thumbnail\" alt=\"\" srcset=\"https:\/\/virtualnimuzej.aspira.hr\/wp-content\/uploads\/2022\/10\/3-12-66x66.jpg 66w, https:\/\/virtualnimuzej.aspira.hr\/wp-content\/uploads\/2022\/10\/3-12-150x150.jpg 150w\" sizes=\"(max-width: 150px) 100vw, 150px\" \/><\/a>\n\t\t\t<\/dt><\/dl><dl class='gallery-item'>\n\t\t\t<dt class='gallery-icon portrait'>\n\t\t\t\t<a data-rel=\"iLightbox[postimages]\" data-title=\"4 marian krellac\" data-caption=\"\" href='https:\/\/virtualnimuzej.aspira.hr\/es\/eslabon-cerrado-la-vida-de-simun-hreljac\/4-marian-krellac\/'><img decoding=\"async\" width=\"150\" height=\"150\" src=\"https:\/\/virtualnimuzej.aspira.hr\/wp-content\/uploads\/2022\/10\/4-marian-krellac-2-150x150.jpg\" class=\"attachment-thumbnail size-thumbnail\" alt=\"\" srcset=\"https:\/\/virtualnimuzej.aspira.hr\/wp-content\/uploads\/2022\/10\/4-marian-krellac-2-66x66.jpg 66w, https:\/\/virtualnimuzej.aspira.hr\/wp-content\/uploads\/2022\/10\/4-marian-krellac-2-150x150.jpg 150w\" sizes=\"(max-width: 150px) 100vw, 150px\" \/><\/a>\n\t\t\t<\/dt><\/dl><br style=\"clear: both\" \/>\n\t\t<\/div>\n\n<p>&nbsp;<\/p>\n<p>&nbsp;<\/p>\n<p><strong>Autor:\u00a0 Davor Jaime Krellac Garc\u00eda<\/strong><\/p>\n<p>&nbsp;<\/p>\n<p>&nbsp;<\/p>\n<p>&nbsp;<\/p>\n","protected":false},"excerpt":{"rendered":"<p>&nbsp; &nbsp; Desde que tengo memoria los domingos eran especiales por que \u00edbamos con mis padres al entonces Cementerio de la Sociedad Yugoslava (ahora Croata) de la ciudad de Oruro-Bolivia, [&hellip;]<\/p>\n","protected":false},"author":1,"featured_media":7178,"comment_status":"open","ping_status":"open","sticky":false,"template":"","format":"standard","meta":{"footnotes":""},"categories":[76],"tags":[],"class_list":["post-7177","post","type-post","status-publish","format-standard","has-post-thumbnail","hentry","category-bolivia-es"],"yoast_head":"<!-- This site is optimized with the Yoast SEO plugin v20.7 - https:\/\/yoast.com\/wordpress\/plugins\/seo\/ -->\n<title>Eslabon cerrado - la vida de \u0160imun Hreljac - Aspira Virtualni Muzej iseljeni\u0161tva Dalmacije<\/title>\n<meta name=\"robots\" content=\"index, follow, max-snippet:-1, max-image-preview:large, max-video-preview:-1\" \/>\n<link rel=\"canonical\" href=\"https:\/\/virtualnimuzej.aspira.hr\/es\/eslabon-cerrado-la-vida-de-simun-hreljac\/\" \/>\n<meta property=\"og:locale\" content=\"es_ES\" \/>\n<meta property=\"og:type\" content=\"article\" \/>\n<meta property=\"og:title\" content=\"Eslabon cerrado - la vida de \u0160imun Hreljac - Aspira Virtualni Muzej iseljeni\u0161tva Dalmacije\" \/>\n<meta property=\"og:description\" content=\"&nbsp; &nbsp; Desde que tengo memoria los domingos eran especiales por que \u00edbamos con mis padres al entonces Cementerio de la Sociedad Yugoslava (ahora Croata) de la ciudad de Oruro-Bolivia, [&hellip;]\" \/>\n<meta property=\"og:url\" content=\"https:\/\/virtualnimuzej.aspira.hr\/es\/eslabon-cerrado-la-vida-de-simun-hreljac\/\" \/>\n<meta property=\"og:site_name\" content=\"Aspira Virtualni Muzej iseljeni\u0161tva Dalmacije\" \/>\n<meta property=\"article:published_time\" content=\"2022-10-29T20:01:22+00:00\" \/>\n<meta property=\"article:modified_time\" content=\"2022-10-29T20:01:40+00:00\" \/>\n<meta property=\"og:image\" content=\"https:\/\/virtualnimuzej.aspira.hr\/wp-content\/uploads\/2022\/10\/Sajama-04-2.jpg\" \/>\n\t<meta property=\"og:image:width\" content=\"800\" \/>\n\t<meta property=\"og:image:height\" content=\"600\" \/>\n\t<meta property=\"og:image:type\" content=\"image\/jpeg\" \/>\n<meta name=\"author\" content=\"VmuzejAspira\" \/>\n<meta name=\"twitter:card\" content=\"summary_large_image\" \/>\n<meta name=\"twitter:label1\" content=\"Escrito por\" \/>\n\t<meta name=\"twitter:data1\" content=\"VmuzejAspira\" \/>\n\t<meta name=\"twitter:label2\" content=\"Tiempo de lectura\" \/>\n\t<meta name=\"twitter:data2\" content=\"6 minutos\" \/>\n<script type=\"application\/ld+json\" class=\"yoast-schema-graph\">{\"@context\":\"https:\/\/schema.org\",\"@graph\":[{\"@type\":\"WebPage\",\"@id\":\"https:\/\/virtualnimuzej.aspira.hr\/es\/eslabon-cerrado-la-vida-de-simun-hreljac\/\",\"url\":\"https:\/\/virtualnimuzej.aspira.hr\/es\/eslabon-cerrado-la-vida-de-simun-hreljac\/\",\"name\":\"Eslabon cerrado - la vida de \u0160imun Hreljac - Aspira Virtualni Muzej iseljeni\u0161tva Dalmacije\",\"isPartOf\":{\"@id\":\"https:\/\/virtualnimuzej.aspira.hr\/#website\"},\"datePublished\":\"2022-10-29T20:01:22+00:00\",\"dateModified\":\"2022-10-29T20:01:40+00:00\",\"author\":{\"@id\":\"https:\/\/virtualnimuzej.aspira.hr\/#\/schema\/person\/8b28048370e78968988c04d6f1ba104d\"},\"breadcrumb\":{\"@id\":\"https:\/\/virtualnimuzej.aspira.hr\/es\/eslabon-cerrado-la-vida-de-simun-hreljac\/#breadcrumb\"},\"inLanguage\":\"es\",\"potentialAction\":[{\"@type\":\"ReadAction\",\"target\":[\"https:\/\/virtualnimuzej.aspira.hr\/es\/eslabon-cerrado-la-vida-de-simun-hreljac\/\"]}]},{\"@type\":\"BreadcrumbList\",\"@id\":\"https:\/\/virtualnimuzej.aspira.hr\/es\/eslabon-cerrado-la-vida-de-simun-hreljac\/#breadcrumb\",\"itemListElement\":[{\"@type\":\"ListItem\",\"position\":1,\"name\":\"Naslovna\",\"item\":\"https:\/\/virtualnimuzej.aspira.hr\/es\/\"},{\"@type\":\"ListItem\",\"position\":2,\"name\":\"Eslabon cerrado &#8211; la vida de \u0160imun Hreljac\"}]},{\"@type\":\"WebSite\",\"@id\":\"https:\/\/virtualnimuzej.aspira.hr\/#website\",\"url\":\"https:\/\/virtualnimuzej.aspira.hr\/\",\"name\":\"Aspira Virtualni Muzej iseljeni\u0161tva Dalmacije\",\"description\":\"Muzej iseljeni\u0161tva je zami\u0161ljen kao mjesto skupljanja i prezentacije gra\u0111e o hrvatskom iseljeni\u0161tvu i povijesti iseljavanja koja nikada nije bila dovoljno istra\u017eena.\",\"potentialAction\":[{\"@type\":\"SearchAction\",\"target\":{\"@type\":\"EntryPoint\",\"urlTemplate\":\"https:\/\/virtualnimuzej.aspira.hr\/?s={search_term_string}\"},\"query-input\":\"required name=search_term_string\"}],\"inLanguage\":\"es\"},{\"@type\":\"Person\",\"@id\":\"https:\/\/virtualnimuzej.aspira.hr\/#\/schema\/person\/8b28048370e78968988c04d6f1ba104d\",\"name\":\"VmuzejAspira\",\"image\":{\"@type\":\"ImageObject\",\"inLanguage\":\"es\",\"@id\":\"https:\/\/virtualnimuzej.aspira.hr\/#\/schema\/person\/image\/\",\"url\":\"https:\/\/secure.gravatar.com\/avatar\/cfa7124a34eec5233efffe1e8fb23c18bb83abdb6129e8f47c9144109613a228?s=96&d=mm&r=g\",\"contentUrl\":\"https:\/\/secure.gravatar.com\/avatar\/cfa7124a34eec5233efffe1e8fb23c18bb83abdb6129e8f47c9144109613a228?s=96&d=mm&r=g\",\"caption\":\"VmuzejAspira\"},\"sameAs\":[\"http:\/\/virtualnimuzej.aspira.hr\"],\"url\":\"https:\/\/virtualnimuzej.aspira.hr\/es\/author\/vmuzejaspira\/\"}]}<\/script>\n<!-- \/ Yoast SEO plugin. -->","yoast_head_json":{"title":"Eslabon cerrado - la vida de \u0160imun Hreljac - Aspira Virtualni Muzej iseljeni\u0161tva Dalmacije","robots":{"index":"index","follow":"follow","max-snippet":"max-snippet:-1","max-image-preview":"max-image-preview:large","max-video-preview":"max-video-preview:-1"},"canonical":"https:\/\/virtualnimuzej.aspira.hr\/es\/eslabon-cerrado-la-vida-de-simun-hreljac\/","og_locale":"es_ES","og_type":"article","og_title":"Eslabon cerrado - la vida de \u0160imun Hreljac - Aspira Virtualni Muzej iseljeni\u0161tva Dalmacije","og_description":"&nbsp; &nbsp; Desde que tengo memoria los domingos eran especiales por que \u00edbamos con mis padres al entonces Cementerio de la Sociedad Yugoslava (ahora Croata) de la ciudad de Oruro-Bolivia, [&hellip;]","og_url":"https:\/\/virtualnimuzej.aspira.hr\/es\/eslabon-cerrado-la-vida-de-simun-hreljac\/","og_site_name":"Aspira Virtualni Muzej iseljeni\u0161tva Dalmacije","article_published_time":"2022-10-29T20:01:22+00:00","article_modified_time":"2022-10-29T20:01:40+00:00","og_image":[{"width":800,"height":600,"url":"https:\/\/virtualnimuzej.aspira.hr\/wp-content\/uploads\/2022\/10\/Sajama-04-2.jpg","type":"image\/jpeg"}],"author":"VmuzejAspira","twitter_card":"summary_large_image","twitter_misc":{"Escrito por":"VmuzejAspira","Tiempo de lectura":"6 minutos"},"schema":{"@context":"https:\/\/schema.org","@graph":[{"@type":"WebPage","@id":"https:\/\/virtualnimuzej.aspira.hr\/es\/eslabon-cerrado-la-vida-de-simun-hreljac\/","url":"https:\/\/virtualnimuzej.aspira.hr\/es\/eslabon-cerrado-la-vida-de-simun-hreljac\/","name":"Eslabon cerrado - la vida de \u0160imun Hreljac - Aspira Virtualni Muzej iseljeni\u0161tva Dalmacije","isPartOf":{"@id":"https:\/\/virtualnimuzej.aspira.hr\/#website"},"datePublished":"2022-10-29T20:01:22+00:00","dateModified":"2022-10-29T20:01:40+00:00","author":{"@id":"https:\/\/virtualnimuzej.aspira.hr\/#\/schema\/person\/8b28048370e78968988c04d6f1ba104d"},"breadcrumb":{"@id":"https:\/\/virtualnimuzej.aspira.hr\/es\/eslabon-cerrado-la-vida-de-simun-hreljac\/#breadcrumb"},"inLanguage":"es","potentialAction":[{"@type":"ReadAction","target":["https:\/\/virtualnimuzej.aspira.hr\/es\/eslabon-cerrado-la-vida-de-simun-hreljac\/"]}]},{"@type":"BreadcrumbList","@id":"https:\/\/virtualnimuzej.aspira.hr\/es\/eslabon-cerrado-la-vida-de-simun-hreljac\/#breadcrumb","itemListElement":[{"@type":"ListItem","position":1,"name":"Naslovna","item":"https:\/\/virtualnimuzej.aspira.hr\/es\/"},{"@type":"ListItem","position":2,"name":"Eslabon cerrado &#8211; la vida de \u0160imun Hreljac"}]},{"@type":"WebSite","@id":"https:\/\/virtualnimuzej.aspira.hr\/#website","url":"https:\/\/virtualnimuzej.aspira.hr\/","name":"Aspira Virtualni Muzej iseljeni\u0161tva Dalmacije","description":"Muzej iseljeni\u0161tva je zami\u0161ljen kao mjesto skupljanja i prezentacije gra\u0111e o hrvatskom iseljeni\u0161tvu i povijesti iseljavanja koja nikada nije bila dovoljno istra\u017eena.","potentialAction":[{"@type":"SearchAction","target":{"@type":"EntryPoint","urlTemplate":"https:\/\/virtualnimuzej.aspira.hr\/?s={search_term_string}"},"query-input":"required name=search_term_string"}],"inLanguage":"es"},{"@type":"Person","@id":"https:\/\/virtualnimuzej.aspira.hr\/#\/schema\/person\/8b28048370e78968988c04d6f1ba104d","name":"VmuzejAspira","image":{"@type":"ImageObject","inLanguage":"es","@id":"https:\/\/virtualnimuzej.aspira.hr\/#\/schema\/person\/image\/","url":"https:\/\/secure.gravatar.com\/avatar\/cfa7124a34eec5233efffe1e8fb23c18bb83abdb6129e8f47c9144109613a228?s=96&d=mm&r=g","contentUrl":"https:\/\/secure.gravatar.com\/avatar\/cfa7124a34eec5233efffe1e8fb23c18bb83abdb6129e8f47c9144109613a228?s=96&d=mm&r=g","caption":"VmuzejAspira"},"sameAs":["http:\/\/virtualnimuzej.aspira.hr"],"url":"https:\/\/virtualnimuzej.aspira.hr\/es\/author\/vmuzejaspira\/"}]}},"_links":{"self":[{"href":"https:\/\/virtualnimuzej.aspira.hr\/es\/wp-json\/wp\/v2\/posts\/7177","targetHints":{"allow":["GET"]}}],"collection":[{"href":"https:\/\/virtualnimuzej.aspira.hr\/es\/wp-json\/wp\/v2\/posts"}],"about":[{"href":"https:\/\/virtualnimuzej.aspira.hr\/es\/wp-json\/wp\/v2\/types\/post"}],"author":[{"embeddable":true,"href":"https:\/\/virtualnimuzej.aspira.hr\/es\/wp-json\/wp\/v2\/users\/1"}],"replies":[{"embeddable":true,"href":"https:\/\/virtualnimuzej.aspira.hr\/es\/wp-json\/wp\/v2\/comments?post=7177"}],"version-history":[{"count":2,"href":"https:\/\/virtualnimuzej.aspira.hr\/es\/wp-json\/wp\/v2\/posts\/7177\/revisions"}],"predecessor-version":[{"id":7194,"href":"https:\/\/virtualnimuzej.aspira.hr\/es\/wp-json\/wp\/v2\/posts\/7177\/revisions\/7194"}],"wp:featuredmedia":[{"embeddable":true,"href":"https:\/\/virtualnimuzej.aspira.hr\/es\/wp-json\/wp\/v2\/media\/7178"}],"wp:attachment":[{"href":"https:\/\/virtualnimuzej.aspira.hr\/es\/wp-json\/wp\/v2\/media?parent=7177"}],"wp:term":[{"taxonomy":"category","embeddable":true,"href":"https:\/\/virtualnimuzej.aspira.hr\/es\/wp-json\/wp\/v2\/categories?post=7177"},{"taxonomy":"post_tag","embeddable":true,"href":"https:\/\/virtualnimuzej.aspira.hr\/es\/wp-json\/wp\/v2\/tags?post=7177"}],"curies":[{"name":"wp","href":"https:\/\/api.w.org\/{rel}","templated":true}]}}