{"id":7603,"date":"2022-10-31T18:45:19","date_gmt":"2022-10-31T17:45:19","guid":{"rendered":"https:\/\/virtualnimuzej.aspira.hr\/?p=7603"},"modified":"2022-10-31T18:45:19","modified_gmt":"2022-10-31T17:45:19","slug":"el-comerciante-de-croacia-y-su-libra-esterlina-historia-de-juraj-kuljis","status":"publish","type":"post","link":"https:\/\/virtualnimuzej.aspira.hr\/es\/el-comerciante-de-croacia-y-su-libra-esterlina-historia-de-juraj-kuljis\/","title":{"rendered":"El comerciante de Croacia y su libra esterlina (historia de Juraj Kulji\u0161)"},"content":{"rendered":"<p>&nbsp;<\/p>\n<p>&nbsp;<\/p>\n<p>Es un inmenso gusto el aprovechar esta oportunidad, para invitarlos a viajar a trav\u00e9s del m\u00e1gico relato sobre un peculiar comerciante. El impulso de mi pecho, obtiene un alivio al dejar salir el contenido guardado a trav\u00e9s de historias que relat\u00f3 mi madre Patricia Avila\u00a0 Kulji\u0161, intensas an\u00e9cdotas compartidas por mi abuela y t\u00edos abuelos, ense\u00f1anzas transmitidas por t\u00edos o primos, sobre \u201cPapa Jorge\u201d y su traves\u00eda desde Croacia a Bolivia.<\/p>\n<p>&nbsp;<\/p>\n<p><img decoding=\"async\" class=\"alignnone  wp-image-7607\" src=\"https:\/\/virtualnimuzej.aspira.hr\/wp-content\/uploads\/2022\/10\/1-19-300x151.jpg\" alt=\"\" width=\"429\" height=\"216\" srcset=\"https:\/\/virtualnimuzej.aspira.hr\/wp-content\/uploads\/2022\/10\/1-19-200x101.jpg 200w, https:\/\/virtualnimuzej.aspira.hr\/wp-content\/uploads\/2022\/10\/1-19-300x151.jpg 300w, https:\/\/virtualnimuzej.aspira.hr\/wp-content\/uploads\/2022\/10\/1-19-400x202.jpg 400w, https:\/\/virtualnimuzej.aspira.hr\/wp-content\/uploads\/2022\/10\/1-19-540x272.jpg 540w, https:\/\/virtualnimuzej.aspira.hr\/wp-content\/uploads\/2022\/10\/1-19-600x302.jpg 600w, https:\/\/virtualnimuzej.aspira.hr\/wp-content\/uploads\/2022\/10\/1-19-768x387.jpg 768w, https:\/\/virtualnimuzej.aspira.hr\/wp-content\/uploads\/2022\/10\/1-19.jpg 800w\" sizes=\"(max-width: 429px) 100vw, 429px\" \/><\/p>\n<p>&nbsp;<\/p>\n<p>Aquella tierna casita que se distingue entre las de la cuadra por su peculiar amarillo, es el hogar donde naci\u00f3 Jorge Kulji\u0161 (originalmente Juraj Kulji\u0161), en un 08 de Febrero de 1889. Esas bellas palmeras y\u00a0 la monta\u00f1a de fondo, nos dan se\u00f1ales para determinar que es la hermosa y peque\u00f1a Isla de Vi\u0161 en Croacia. El hecho que yo, su bisnieto que nunca lo conoci\u00f3 en persona escriba este relato, me da a entender que Papa Jorge fue criado en un hogar lleno de amor y valores que son sagradamente transmitidos y atesorados de generaci\u00f3n en generaci\u00f3n. Desde ni\u00f1o me comentaron que era un caballero muy fuerte y bondadoso. Era de religi\u00f3n cat\u00f3lica, med\u00eda 1,74 metros de estatura, cabello color casta\u00f1o, una pinta impecable y elegante, ojos azules y un bigote frondoso digno de estrella de cine de la \u00e9poca. Fue un hombre de mundo literalmente, al poseer pasaportes del imperio Austro-h\u00fangaro, de Yugoeslavia, de Croacia, de Chile y Bolivia. Seg\u00fan tengo entendido, un Jorge adolescente se encontraba en una crisis debido a que se aplaz\u00f3 de a\u00f1o y el contar esa noticia a sus padres (Rade y Marija), significar\u00eda la muerte. La ingenuidad, el esp\u00edritu de aventura y una libra esterlina, ser\u00edan una combinaci\u00f3n que cambiar\u00eda su vida para siempre. Callando la mala noticia, decidi\u00f3 emprender un viaje en barco lo m\u00e1s lejos posible. El destino fue otro continente y siendo m\u00e1s espec\u00edficos, el nuevo hogar ser\u00eda Chile en Sudam\u00e9rica.<\/p>\n<p>Para la fortuna de nuestro Papajorge, su hermano Santiago se encontraba trabajando en el hotel Kulji\u0161 en la ciudad de Iquique. Sin embargo, el comerciante de Croacia se encontrar\u00eda con mil y un obst\u00e1culos en el camino que forjar\u00edan su car\u00e1cter y destino. Empecemos por considerar que no ten\u00eda conocimiento del idioma castellano, ni tampoco recursos econ\u00f3micos, no contaba con sus padres (que debieron estar inmensamente preocupados al punto que el aplazo de a\u00f1o ya no significar\u00eda gran cosa en este contexto), amigos, cultura o facilidades de las que gozamos en la mayor parte del mundo globalizado que tenemos el d\u00eda de hoy.<\/p>\n<p>&nbsp;<\/p>\n<p><img decoding=\"async\" class=\"alignnone  wp-image-7610\" src=\"https:\/\/virtualnimuzej.aspira.hr\/wp-content\/uploads\/2022\/10\/2-22-300x153.jpg\" alt=\"\" width=\"464\" height=\"237\" srcset=\"https:\/\/virtualnimuzej.aspira.hr\/wp-content\/uploads\/2022\/10\/2-22-200x102.jpg 200w, https:\/\/virtualnimuzej.aspira.hr\/wp-content\/uploads\/2022\/10\/2-22-300x153.jpg 300w, https:\/\/virtualnimuzej.aspira.hr\/wp-content\/uploads\/2022\/10\/2-22-400x205.jpg 400w, https:\/\/virtualnimuzej.aspira.hr\/wp-content\/uploads\/2022\/10\/2-22-600x307.jpg 600w, https:\/\/virtualnimuzej.aspira.hr\/wp-content\/uploads\/2022\/10\/2-22-768x393.jpg 768w, https:\/\/virtualnimuzej.aspira.hr\/wp-content\/uploads\/2022\/10\/2-22.jpg 800w\" sizes=\"(max-width: 464px) 100vw, 464px\" \/><\/p>\n<p>&nbsp;<\/p>\n<p>Revisando las pistas como en una pel\u00edcula de detectives, me encontr\u00e9 con joyas como las muestras de huellas dactilares de Papajorge, que eran parte de un documento para poder transitar a Bolivia. Si bien encontr\u00f3 un trabajo en el ferrocarril de Arica (Chile)-La Paz, parece que el esp\u00edritu aventurero hizo un llamado para conocer este nuevo continente a mayor profundidad. Bolivia ser\u00eda el hogar definitivo. Bolivia ser\u00eda el espacio \u00fanico donde las costumbres bolivianas y croatas tendr\u00edan una fusi\u00f3n, ser\u00eda el hogar del amor y de los frutos, ser\u00eda el sitio de los fracasos y las glorias m\u00e1s grandes de su vida. El amor de su vida ser\u00eda la cochabambina Rosa Meruvia Kulji\u0161 o mejor conocida como \u201cMamarosa\u201d (ella si me conoci\u00f3 de bebe y su amor parece que no tiene fecha de caducidad seg\u00fan lo que siento hasta el momento). Este amor tan peculiar lleg\u00f3 al punto de que Mamarosa viaj\u00f3 a Buenos Aires-Argentina, para tomar clases de cocina con la famosa \u201cDo\u00f1a Petrona\u201d. Esas clases incluso conten\u00edan lecciones de comida croata, lo cual ayudar\u00eda a Papajorge a compensar el dolor de extra\u00f1ar a Croacia y sus padres. Los frutos de ese amor fueron Militza, Danilo, Ivanko y Dolly (Mi abuela). Por lo que comprend\u00ed, Papajorge hizo todos los esfuerzos humanos para que sus hijos cumplan sus sue\u00f1os en vida y sean felices en la actividad y lugar que elijan. Parece que su deseo era que su familia sea pr\u00f3spera, llena de amor y valores, as\u00ed como imagino que fue su hogar en Vis, Croacia.<\/p>\n<p>La situaci\u00f3n econ\u00f3mica y empresarial no era la m\u00e1s favorable, sin embargo era un mar de oportunidades para aquellos que ten\u00edan fe y visi\u00f3n. Jorge analiz\u00f3 que las empresas productoras de cerveza en La Paz-Bolivia, ten\u00edan problemas para abastecerse de botellas de vidrio y poder completar sus productos. Record\u00f3 que en las playas de Chile, exist\u00edan varias botellas de vidrio vac\u00edas que otras personas botaron sobre la arena. Vio m\u00e1s all\u00e1 de lo evidente y determin\u00f3 que ser\u00eda una gran oportunidad de negocios el llevar estas botellas a Bolivia para venderlas a las empresas productoras de cerveza (de paso dejaba limpias las playas). Estas botellas eran transportadas en carrozas arrastradas por burritos. Hay que imaginar cu\u00e1nto tiempo tomaba cada viaje y las dificultades propias de realizar una tarea de esa magnitud. Dicen que una ocasi\u00f3n un trueno mat\u00f3 a un burrito que ayudaba a transportar las botellas.<\/p>\n<p>&nbsp;<\/p>\n<p><img decoding=\"async\" class=\"alignnone  wp-image-7613\" src=\"https:\/\/virtualnimuzej.aspira.hr\/wp-content\/uploads\/2022\/10\/3-19-300x229.jpg\" alt=\"\" width=\"334\" height=\"255\" srcset=\"https:\/\/virtualnimuzej.aspira.hr\/wp-content\/uploads\/2022\/10\/3-19-200x153.jpg 200w, https:\/\/virtualnimuzej.aspira.hr\/wp-content\/uploads\/2022\/10\/3-19-300x229.jpg 300w, https:\/\/virtualnimuzej.aspira.hr\/wp-content\/uploads\/2022\/10\/3-19-400x305.jpg 400w, https:\/\/virtualnimuzej.aspira.hr\/wp-content\/uploads\/2022\/10\/3-19-600x458.jpg 600w, https:\/\/virtualnimuzej.aspira.hr\/wp-content\/uploads\/2022\/10\/3-19-768x586.jpg 768w, https:\/\/virtualnimuzej.aspira.hr\/wp-content\/uploads\/2022\/10\/3-19.jpg 800w\" sizes=\"(max-width: 334px) 100vw, 334px\" \/><\/p>\n<p>&nbsp;<\/p>\n<p>Otro emprendimiento era el comerciar pieles de Bolivia hacia otros pa\u00edses de Latinoam\u00e9rica, Europa y USA. Tambi\u00e9n import\u00f3 pieles y otros productos de esos pa\u00edses a Bolivia. Construy\u00f3 una casa de rentas donde tambi\u00e9n viv\u00eda junto a su familia y que es considerado patrimonio de la ciudad de La Paz. Esta bendita casa estilo vecindad con arquitectura europea es el Pasaje Kulji\u0161 (ubicado actualmente entre las calles Genaro Sanjin\u00e9z y Comercio del casco viejo de la ciudad y muy pr\u00f3ximo a la Plaza Murillo). Ese Pasaje tambi\u00e9n sirvi\u00f3 para cobijar a representantes de Yugoeslavia en alguna ocasi\u00f3n y fue un punto de venta para los productos con los que trabajaba Jorge. Compr\u00f3 un terreno en la zona de Bajo-Seguencoma de la ciudad de La Paz. Debido a que esta zona posee un clima m\u00e1s similar al de valle (pese a que se encuentra entre 3000 y 3500 metros sobre el nivel del mar ir\u00f3nicamente), fue ideal para plantar varios vegetales. Entre esos vegetales se encontraba el olivo (tan t\u00edpico de Croacia), que en ese entonces no exist\u00eda en la ciudad. En la actualidad existe un barrio llamado \u201cLos Olivos\u201d, en honor a los \u00e1rboles plantados por Papajorge. Los vegetales cosechados eran vendidos en el centro de la ciudad de La Paz. Debido a las revoluciones que exist\u00edan en la d\u00e9cada de los 50\u00b4s en Bolivia, Jorge sufri\u00f3 un infortunio al ser baleado por personas sin escr\u00fapulos que deseaban quitarle su terreno por la fuerza. A pesar de ese contratiempo y casi quedar paral\u00edtico, Papajorge continu\u00f3 gracias a su fuerte esp\u00edritu y amor familiar. Por otro lado, ayud\u00f3 a escapar de la guerra a croatas que posteriormente encontrar\u00edan un hogar en Bolivia. Sus iniciativas ayudaron a desarrollar la econom\u00eda de Bolivia al generar empleo y desarrollo. Apoy\u00f3 a que las relaciones entre Croacia y Bolivia se fortalezcan. En una ocasi\u00f3n recibi\u00f3 un reconocimiento del Rey Petar de Croacia por su generosidad y emprendimientos trascendentales.<\/p>\n<p>Mi madre comparti\u00f3 con Papajorge hasta los siete a\u00f1os de edad. Luego de viajar con ella mediante documentos, pistas, cuadros y relatos, me encontr\u00e9 con una de las an\u00e9cdotas m\u00e1s m\u00e1gicas que podr\u00eda ser el hilo conductor de esta gran aventura. Papajorge le regal\u00f3 a ella y a todos los hijos\/nietos, 1 libra esterlina en honor a su traves\u00eda de joven hacia un continente lejano. Jorge no ten\u00eda m\u00e1s patrimonio que esta libra y a su vez, \u00e9ste recurso m\u00ednimo y su fe bastaron para que sobreviva las tempestades y realice sus sue\u00f1os en vida, construyendo su destino para bien desde abajo, para dejar un legado s\u00f3lido de fe y una voluntad de acero para vencer el impacto de sumergirse en una cultura diferente, dejando todo atr\u00e1s. Mi mam\u00e1 se encontraba en una situaci\u00f3n econ\u00f3mica dif\u00edcil al momento de defender su tesis. Triste tuvo que vender su\u00a0 querida libra esterlina para cubrir los costos de la etapa final de su carrera. Luego de un tiempo mi mam\u00e1 se volvi\u00f3 en una arquitecta exitosa. Junto a mi padre Misael Rojas, crearon una empresa con los m\u00ednimos recursos y nuevamente su fe y voluntad de acero fueron la continuaci\u00f3n del impulso inicial de esa libra esterlina (el verdadero valor de la libra esterlina se hac\u00eda realidad). No necesitas todo el oro o las condiciones \u00f3ptimas para realizar tus sue\u00f1os y construir un destino pr\u00f3spero seg\u00fan el comerciante de Croacia. Dios ya te dio las herramientas m\u00e1s valiosas para desarrollar tus dones al nacer.<\/p>\n<p>&nbsp;<\/p>\n<p><img decoding=\"async\" class=\"alignnone  wp-image-7616\" src=\"https:\/\/virtualnimuzej.aspira.hr\/wp-content\/uploads\/2022\/10\/5-14-300x179.jpg\" alt=\"\" width=\"370\" height=\"221\" srcset=\"https:\/\/virtualnimuzej.aspira.hr\/wp-content\/uploads\/2022\/10\/5-14-200x119.jpg 200w, https:\/\/virtualnimuzej.aspira.hr\/wp-content\/uploads\/2022\/10\/5-14-300x179.jpg 300w, https:\/\/virtualnimuzej.aspira.hr\/wp-content\/uploads\/2022\/10\/5-14-400x238.jpg 400w, https:\/\/virtualnimuzej.aspira.hr\/wp-content\/uploads\/2022\/10\/5-14-600x357.jpg 600w, https:\/\/virtualnimuzej.aspira.hr\/wp-content\/uploads\/2022\/10\/5-14-768x457.jpg 768w, https:\/\/virtualnimuzej.aspira.hr\/wp-content\/uploads\/2022\/10\/5-14.jpg 800w\" sizes=\"(max-width: 370px) 100vw, 370px\" \/><\/p>\n<p>&nbsp;<\/p>\n<p>Se podr\u00eda decir que en la actualidad mi madre apoy\u00f3 bastante para rescatar el querido Pasaje Kulji\u0161 (Imagen superior). Tambi\u00e9n puedo dar testimonio que el fruto Danilo y su amor Teresita custodian de gran manera este patrimonio y mi t\u00edo Andres Kulji\u0161 fomenta la vida dentro del pasaje a trav\u00e9s de su museo \u201cMIKO Art\u201d. Cuando camino por ese pasillo central del pasaje no evito sentir una intensa energ\u00eda de mi Papajorge. No nos conocimos f\u00edsicamente pero s\u00e9 que cuando tengo miedo de tomar un riesgo que podr\u00eda acercarme a mis sue\u00f1os, recuerdo tu libra esterlina, tu fe y voluntad de acero y el miedo se disipa. Aprecio por siempre este espacio donde hay materiales tra\u00eddos de Europa para que parezca el hogar donde creciste, comprendo finalmente la raz\u00f3n de ser de esos techos tan altos, de esas ventanas de madera tan diferentes, de esos balcones de ensue\u00f1o, de esa funcionalidad tan bien reflexionada que acoge negocios, sue\u00f1os, arte, viviendas y la activa vida pace\u00f1a que no duerme nunca. Ahora comprendo mejor quienes somos, de d\u00f3nde venimos y hacia d\u00f3nde podemos llegar si te encuentro en mi coraz\u00f3n o si miro al cielo. \u00a1Querido Bisabuelo Papajorge!, yo igual criar\u00e9 a mis hijos con amor y valores, para que tu legado pase a la siguiente generaci\u00f3n y para que tus historias y vitalidad croata-boliviana sea elixir para sus almas. Para que se sientan agradecidos de sus ra\u00edces, para que disfruten las bendiciones de Dios, para que sean hombres y mujeres de bien. Finalmente, volver\u00e9 a Vi\u0161 y me convertir\u00e9 en el ingenuo y aventurero adolescente que so\u00f1aba con las estrellas que podr\u00eda alcanzar si decido tomar el riesgo y enfrentar mis miedos.<\/p>\n<p>&nbsp;<\/p>\n<p>Carlos Alberto Rojas Avila (Comunidad Croata de La Paz-Bolivia)<\/p>\n","protected":false},"excerpt":{"rendered":"<p>&nbsp; &nbsp; Es un inmenso gusto el aprovechar esta oportunidad, para invitarlos a viajar a trav\u00e9s del m\u00e1gico relato sobre un peculiar comerciante. El impulso de mi pecho, obtiene un [&hellip;]<\/p>\n","protected":false},"author":1,"featured_media":7604,"comment_status":"open","ping_status":"open","sticky":false,"template":"","format":"standard","meta":{"footnotes":""},"categories":[76],"tags":[],"class_list":["post-7603","post","type-post","status-publish","format-standard","has-post-thumbnail","hentry","category-bolivia-es"],"yoast_head":"<!-- This site is optimized with the Yoast SEO plugin v20.7 - https:\/\/yoast.com\/wordpress\/plugins\/seo\/ -->\n<title>El comerciante de Croacia y su libra esterlina (historia de Juraj Kulji\u0161) - Aspira Virtualni Muzej iseljeni\u0161tva Dalmacije<\/title>\n<meta name=\"robots\" content=\"index, follow, max-snippet:-1, max-image-preview:large, max-video-preview:-1\" \/>\n<link rel=\"canonical\" href=\"https:\/\/virtualnimuzej.aspira.hr\/es\/el-comerciante-de-croacia-y-su-libra-esterlina-historia-de-juraj-kuljis\/\" \/>\n<meta property=\"og:locale\" content=\"es_ES\" \/>\n<meta property=\"og:type\" content=\"article\" \/>\n<meta property=\"og:title\" content=\"El comerciante de Croacia y su libra esterlina (historia de Juraj Kulji\u0161) - Aspira Virtualni Muzej iseljeni\u0161tva Dalmacije\" \/>\n<meta property=\"og:description\" content=\"&nbsp; &nbsp; Es un inmenso gusto el aprovechar esta oportunidad, para invitarlos a viajar a trav\u00e9s del m\u00e1gico relato sobre un peculiar comerciante. El impulso de mi pecho, obtiene un [&hellip;]\" \/>\n<meta property=\"og:url\" content=\"https:\/\/virtualnimuzej.aspira.hr\/es\/el-comerciante-de-croacia-y-su-libra-esterlina-historia-de-juraj-kuljis\/\" \/>\n<meta property=\"og:site_name\" content=\"Aspira Virtualni Muzej iseljeni\u0161tva Dalmacije\" \/>\n<meta property=\"article:published_time\" content=\"2022-10-31T17:45:19+00:00\" \/>\n<meta property=\"og:image\" content=\"https:\/\/virtualnimuzej.aspira.hr\/wp-content\/uploads\/2022\/10\/4-16.jpg\" \/>\n\t<meta property=\"og:image:width\" content=\"737\" \/>\n\t<meta property=\"og:image:height\" content=\"800\" \/>\n\t<meta property=\"og:image:type\" content=\"image\/jpeg\" \/>\n<meta name=\"author\" content=\"VmuzejAspira\" \/>\n<meta name=\"twitter:card\" content=\"summary_large_image\" \/>\n<meta name=\"twitter:label1\" content=\"Escrito por\" \/>\n\t<meta name=\"twitter:data1\" content=\"VmuzejAspira\" \/>\n\t<meta name=\"twitter:label2\" content=\"Tiempo de lectura\" \/>\n\t<meta name=\"twitter:data2\" content=\"10 minutos\" \/>\n<script type=\"application\/ld+json\" class=\"yoast-schema-graph\">{\"@context\":\"https:\/\/schema.org\",\"@graph\":[{\"@type\":\"WebPage\",\"@id\":\"https:\/\/virtualnimuzej.aspira.hr\/es\/el-comerciante-de-croacia-y-su-libra-esterlina-historia-de-juraj-kuljis\/\",\"url\":\"https:\/\/virtualnimuzej.aspira.hr\/es\/el-comerciante-de-croacia-y-su-libra-esterlina-historia-de-juraj-kuljis\/\",\"name\":\"El comerciante de Croacia y su libra esterlina (historia de Juraj Kulji\u0161) - Aspira Virtualni Muzej iseljeni\u0161tva Dalmacije\",\"isPartOf\":{\"@id\":\"https:\/\/virtualnimuzej.aspira.hr\/#website\"},\"datePublished\":\"2022-10-31T17:45:19+00:00\",\"dateModified\":\"2022-10-31T17:45:19+00:00\",\"author\":{\"@id\":\"https:\/\/virtualnimuzej.aspira.hr\/#\/schema\/person\/8b28048370e78968988c04d6f1ba104d\"},\"breadcrumb\":{\"@id\":\"https:\/\/virtualnimuzej.aspira.hr\/es\/el-comerciante-de-croacia-y-su-libra-esterlina-historia-de-juraj-kuljis\/#breadcrumb\"},\"inLanguage\":\"es\",\"potentialAction\":[{\"@type\":\"ReadAction\",\"target\":[\"https:\/\/virtualnimuzej.aspira.hr\/es\/el-comerciante-de-croacia-y-su-libra-esterlina-historia-de-juraj-kuljis\/\"]}]},{\"@type\":\"BreadcrumbList\",\"@id\":\"https:\/\/virtualnimuzej.aspira.hr\/es\/el-comerciante-de-croacia-y-su-libra-esterlina-historia-de-juraj-kuljis\/#breadcrumb\",\"itemListElement\":[{\"@type\":\"ListItem\",\"position\":1,\"name\":\"Naslovna\",\"item\":\"https:\/\/virtualnimuzej.aspira.hr\/es\/\"},{\"@type\":\"ListItem\",\"position\":2,\"name\":\"El comerciante de Croacia y su libra esterlina (historia de Juraj Kulji\u0161)\"}]},{\"@type\":\"WebSite\",\"@id\":\"https:\/\/virtualnimuzej.aspira.hr\/#website\",\"url\":\"https:\/\/virtualnimuzej.aspira.hr\/\",\"name\":\"Aspira Virtualni Muzej iseljeni\u0161tva Dalmacije\",\"description\":\"Muzej iseljeni\u0161tva je zami\u0161ljen kao mjesto skupljanja i prezentacije gra\u0111e o hrvatskom iseljeni\u0161tvu i povijesti iseljavanja koja nikada nije bila dovoljno istra\u017eena.\",\"potentialAction\":[{\"@type\":\"SearchAction\",\"target\":{\"@type\":\"EntryPoint\",\"urlTemplate\":\"https:\/\/virtualnimuzej.aspira.hr\/?s={search_term_string}\"},\"query-input\":\"required name=search_term_string\"}],\"inLanguage\":\"es\"},{\"@type\":\"Person\",\"@id\":\"https:\/\/virtualnimuzej.aspira.hr\/#\/schema\/person\/8b28048370e78968988c04d6f1ba104d\",\"name\":\"VmuzejAspira\",\"image\":{\"@type\":\"ImageObject\",\"inLanguage\":\"es\",\"@id\":\"https:\/\/virtualnimuzej.aspira.hr\/#\/schema\/person\/image\/\",\"url\":\"https:\/\/secure.gravatar.com\/avatar\/cfa7124a34eec5233efffe1e8fb23c18bb83abdb6129e8f47c9144109613a228?s=96&d=mm&r=g\",\"contentUrl\":\"https:\/\/secure.gravatar.com\/avatar\/cfa7124a34eec5233efffe1e8fb23c18bb83abdb6129e8f47c9144109613a228?s=96&d=mm&r=g\",\"caption\":\"VmuzejAspira\"},\"sameAs\":[\"http:\/\/virtualnimuzej.aspira.hr\"],\"url\":\"https:\/\/virtualnimuzej.aspira.hr\/es\/author\/vmuzejaspira\/\"}]}<\/script>\n<!-- \/ Yoast SEO plugin. -->","yoast_head_json":{"title":"El comerciante de Croacia y su libra esterlina (historia de Juraj Kulji\u0161) - Aspira Virtualni Muzej iseljeni\u0161tva Dalmacije","robots":{"index":"index","follow":"follow","max-snippet":"max-snippet:-1","max-image-preview":"max-image-preview:large","max-video-preview":"max-video-preview:-1"},"canonical":"https:\/\/virtualnimuzej.aspira.hr\/es\/el-comerciante-de-croacia-y-su-libra-esterlina-historia-de-juraj-kuljis\/","og_locale":"es_ES","og_type":"article","og_title":"El comerciante de Croacia y su libra esterlina (historia de Juraj Kulji\u0161) - Aspira Virtualni Muzej iseljeni\u0161tva Dalmacije","og_description":"&nbsp; &nbsp; Es un inmenso gusto el aprovechar esta oportunidad, para invitarlos a viajar a trav\u00e9s del m\u00e1gico relato sobre un peculiar comerciante. El impulso de mi pecho, obtiene un [&hellip;]","og_url":"https:\/\/virtualnimuzej.aspira.hr\/es\/el-comerciante-de-croacia-y-su-libra-esterlina-historia-de-juraj-kuljis\/","og_site_name":"Aspira Virtualni Muzej iseljeni\u0161tva Dalmacije","article_published_time":"2022-10-31T17:45:19+00:00","og_image":[{"width":737,"height":800,"url":"https:\/\/virtualnimuzej.aspira.hr\/wp-content\/uploads\/2022\/10\/4-16.jpg","type":"image\/jpeg"}],"author":"VmuzejAspira","twitter_card":"summary_large_image","twitter_misc":{"Escrito por":"VmuzejAspira","Tiempo de lectura":"10 minutos"},"schema":{"@context":"https:\/\/schema.org","@graph":[{"@type":"WebPage","@id":"https:\/\/virtualnimuzej.aspira.hr\/es\/el-comerciante-de-croacia-y-su-libra-esterlina-historia-de-juraj-kuljis\/","url":"https:\/\/virtualnimuzej.aspira.hr\/es\/el-comerciante-de-croacia-y-su-libra-esterlina-historia-de-juraj-kuljis\/","name":"El comerciante de Croacia y su libra esterlina (historia de Juraj Kulji\u0161) - Aspira Virtualni Muzej iseljeni\u0161tva Dalmacije","isPartOf":{"@id":"https:\/\/virtualnimuzej.aspira.hr\/#website"},"datePublished":"2022-10-31T17:45:19+00:00","dateModified":"2022-10-31T17:45:19+00:00","author":{"@id":"https:\/\/virtualnimuzej.aspira.hr\/#\/schema\/person\/8b28048370e78968988c04d6f1ba104d"},"breadcrumb":{"@id":"https:\/\/virtualnimuzej.aspira.hr\/es\/el-comerciante-de-croacia-y-su-libra-esterlina-historia-de-juraj-kuljis\/#breadcrumb"},"inLanguage":"es","potentialAction":[{"@type":"ReadAction","target":["https:\/\/virtualnimuzej.aspira.hr\/es\/el-comerciante-de-croacia-y-su-libra-esterlina-historia-de-juraj-kuljis\/"]}]},{"@type":"BreadcrumbList","@id":"https:\/\/virtualnimuzej.aspira.hr\/es\/el-comerciante-de-croacia-y-su-libra-esterlina-historia-de-juraj-kuljis\/#breadcrumb","itemListElement":[{"@type":"ListItem","position":1,"name":"Naslovna","item":"https:\/\/virtualnimuzej.aspira.hr\/es\/"},{"@type":"ListItem","position":2,"name":"El comerciante de Croacia y su libra esterlina (historia de Juraj Kulji\u0161)"}]},{"@type":"WebSite","@id":"https:\/\/virtualnimuzej.aspira.hr\/#website","url":"https:\/\/virtualnimuzej.aspira.hr\/","name":"Aspira Virtualni Muzej iseljeni\u0161tva Dalmacije","description":"Muzej iseljeni\u0161tva je zami\u0161ljen kao mjesto skupljanja i prezentacije gra\u0111e o hrvatskom iseljeni\u0161tvu i povijesti iseljavanja koja nikada nije bila dovoljno istra\u017eena.","potentialAction":[{"@type":"SearchAction","target":{"@type":"EntryPoint","urlTemplate":"https:\/\/virtualnimuzej.aspira.hr\/?s={search_term_string}"},"query-input":"required name=search_term_string"}],"inLanguage":"es"},{"@type":"Person","@id":"https:\/\/virtualnimuzej.aspira.hr\/#\/schema\/person\/8b28048370e78968988c04d6f1ba104d","name":"VmuzejAspira","image":{"@type":"ImageObject","inLanguage":"es","@id":"https:\/\/virtualnimuzej.aspira.hr\/#\/schema\/person\/image\/","url":"https:\/\/secure.gravatar.com\/avatar\/cfa7124a34eec5233efffe1e8fb23c18bb83abdb6129e8f47c9144109613a228?s=96&d=mm&r=g","contentUrl":"https:\/\/secure.gravatar.com\/avatar\/cfa7124a34eec5233efffe1e8fb23c18bb83abdb6129e8f47c9144109613a228?s=96&d=mm&r=g","caption":"VmuzejAspira"},"sameAs":["http:\/\/virtualnimuzej.aspira.hr"],"url":"https:\/\/virtualnimuzej.aspira.hr\/es\/author\/vmuzejaspira\/"}]}},"_links":{"self":[{"href":"https:\/\/virtualnimuzej.aspira.hr\/es\/wp-json\/wp\/v2\/posts\/7603","targetHints":{"allow":["GET"]}}],"collection":[{"href":"https:\/\/virtualnimuzej.aspira.hr\/es\/wp-json\/wp\/v2\/posts"}],"about":[{"href":"https:\/\/virtualnimuzej.aspira.hr\/es\/wp-json\/wp\/v2\/types\/post"}],"author":[{"embeddable":true,"href":"https:\/\/virtualnimuzej.aspira.hr\/es\/wp-json\/wp\/v2\/users\/1"}],"replies":[{"embeddable":true,"href":"https:\/\/virtualnimuzej.aspira.hr\/es\/wp-json\/wp\/v2\/comments?post=7603"}],"version-history":[{"count":1,"href":"https:\/\/virtualnimuzej.aspira.hr\/es\/wp-json\/wp\/v2\/posts\/7603\/revisions"}],"predecessor-version":[{"id":7619,"href":"https:\/\/virtualnimuzej.aspira.hr\/es\/wp-json\/wp\/v2\/posts\/7603\/revisions\/7619"}],"wp:featuredmedia":[{"embeddable":true,"href":"https:\/\/virtualnimuzej.aspira.hr\/es\/wp-json\/wp\/v2\/media\/7604"}],"wp:attachment":[{"href":"https:\/\/virtualnimuzej.aspira.hr\/es\/wp-json\/wp\/v2\/media?parent=7603"}],"wp:term":[{"taxonomy":"category","embeddable":true,"href":"https:\/\/virtualnimuzej.aspira.hr\/es\/wp-json\/wp\/v2\/categories?post=7603"},{"taxonomy":"post_tag","embeddable":true,"href":"https:\/\/virtualnimuzej.aspira.hr\/es\/wp-json\/wp\/v2\/tags?post=7603"}],"curies":[{"name":"wp","href":"https:\/\/api.w.org\/{rel}","templated":true}]}}