{"id":8200,"date":"2022-12-06T17:02:38","date_gmt":"2022-12-06T16:02:38","guid":{"rendered":"https:\/\/virtualnimuzej.aspira.hr\/?p=8200"},"modified":"2022-12-07T08:58:28","modified_gmt":"2022-12-07T07:58:28","slug":"historia-familiar-de-svenko-raljevic","status":"publish","type":"post","link":"https:\/\/virtualnimuzej.aspira.hr\/es\/historia-familiar-de-svenko-raljevic\/","title":{"rendered":"Historia familiar de Svenko Raljevic"},"content":{"rendered":"<p>&nbsp;<\/p>\n<p>Sime Raljevic fue el sexto e hijo menor de Petar Raljevic y Mar\u00eda Bassioli.<\/p>\n<p>&nbsp;<\/p>\n<p><img decoding=\"async\" class=\"alignnone size-medium wp-image-8204\" src=\"https:\/\/virtualnimuzej.aspira.hr\/wp-content\/uploads\/2022\/12\/0-2-300x279.jpg\" alt=\"\" width=\"300\" height=\"279\" srcset=\"https:\/\/virtualnimuzej.aspira.hr\/wp-content\/uploads\/2022\/12\/0-2-200x186.jpg 200w, https:\/\/virtualnimuzej.aspira.hr\/wp-content\/uploads\/2022\/12\/0-2-300x279.jpg 300w, https:\/\/virtualnimuzej.aspira.hr\/wp-content\/uploads\/2022\/12\/0-2-400x372.jpg 400w, https:\/\/virtualnimuzej.aspira.hr\/wp-content\/uploads\/2022\/12\/0-2.jpg 528w\" sizes=\"(max-width: 300px) 100vw, 300px\" \/><\/p>\n<p>&nbsp;<\/p>\n<p>Creci\u00f3 en la isla Dugi otok en Dalmacia ocupada por Italia en la Segunda Guerra Mundial, pero a diferencia de sus hermanos, no particip\u00f3 del conflicto por su corta edad. Termin\u00f3 sus estudios universitarios en Ingenier\u00eda Mec\u00e1nica en el Polit\u00e9cnico de Rijeka. Cerca a la d\u00e9cada de los 60\u2019s, comenzaba a surgir la formaci\u00f3n de Yugoslavia, pero tambi\u00e9n exist\u00edan grupos que promov\u00edan nacionalismos de cada pa\u00eds. Como era norma en las uniones socialistas, mostraron su rechazo a la iglesia cat\u00f3lica y a la religi\u00f3n, ya que un s\u00edmbolo que representaba el ser croata era ser cat\u00f3lico. A pesar de que junto a unos amigos formaba parte de grupos que favorec\u00edan la identidad croata, se enteraron de que un conocido cercano llegar\u00eda a denunciarlos para conseguir ventajas pol\u00edticas en la Yugoslavia. Al conocer la noticia, decidieron que lo mejor era huir. Al conseguir un barco a remo, huyeron a Italia, y con la suerte de un viento hacia el norte lograron evitar a la guardia costera que podr\u00eda retenerlos. Al llegar a Frascati, cerca de Roma, se contactaron con el comisariado de la Organizaci\u00f3n de las Naciones Unidas para refugiados, por lo que consiguieron campamento en Italia por un tiempo, donde se concentraban personas de todas partes del mundo. Se enteraron de que un lugar m\u00e1s tranquilo para ir como refugiados, adem\u00e1s de su facilidad, era Sudam\u00e9rica. Al conseguir pasaportes, \u00e9l se condujo en barco mediante el Atl\u00e1ntico, pas\u00f3 por el Canal de Panam\u00e1 y lleg\u00f3 hasta Arica, Chile, para luego ir a Bolivia. Al conseguir algunos contactos, y por su car\u00e1cter jovial y amigable, consigui\u00f3 trabajo en la empresa Volc\u00e1n, una empresa minera. Por su facilidad con los idiomas, se le hizo f\u00e1cil congeniar con los dem\u00e1s ya que exist\u00edan dem\u00e1s extranjeros de Suiza, Turqu\u00eda, jud\u00edos rusos, y dem\u00e1s regiones. Recalcaba con humor las ventajas de transportarse por su baja estatura, ten\u00eda ventajas \u2018como si fuera un ni\u00f1o\u2019. Tuvo diferentes trabajos con relaci\u00f3n a la miner\u00eda, le fascinaba la organizaci\u00f3n de trabajo y el dise\u00f1o, por lo que recorri\u00f3 diferentes partes del pa\u00eds, como Tupiza, Riberalta, donde se encontraba con otros paisanos porque los consideraba tambi\u00e9n familia. Abri\u00f3 una materia en la Facultad de Ingenier\u00eda de la universidad, dio seminarios, conoci\u00f3 a su esposa, Alicia, y form\u00f3 una familia, que tambi\u00e9n tuvo la suya a\u00f1os despu\u00e9s.<\/p>\n<p>&nbsp;<\/p>\n\n\t\t<style type=\"text\/css\">\n\t\t\t#gallery-1 {\n\t\t\t\tmargin: auto;\n\t\t\t}\n\t\t\t#gallery-1 .gallery-item {\n\t\t\t\tfloat: left;\n\t\t\t\tmargin-top: 10px;\n\t\t\t\ttext-align: center;\n\t\t\t\twidth: 33%;\n\t\t\t}\n\t\t\t#gallery-1 img {\n\t\t\t\tborder: 2px solid #cfcfcf;\n\t\t\t}\n\t\t\t#gallery-1 .gallery-caption {\n\t\t\t\tmargin-left: 0;\n\t\t\t}\n\t\t\t\/* see gallery_shortcode() in wp-includes\/media.php *\/\n\t\t<\/style>\n\t\t<div id='gallery-1' class='gallery galleryid-8200 gallery-columns-3 gallery-size-thumbnail'><dl class='gallery-item'>\n\t\t\t<dt class='gallery-icon portrait'>\n\t\t\t\t<a data-rel=\"iLightbox[postimages]\" data-title=\"1\" data-caption=\"\" href='https:\/\/virtualnimuzej.aspira.hr\/es\/historia-familiar-de-svenko-raljevic\/1-16\/'><img decoding=\"async\" width=\"150\" height=\"150\" src=\"https:\/\/virtualnimuzej.aspira.hr\/wp-content\/uploads\/2022\/12\/1-2-150x150.jpg\" class=\"attachment-thumbnail size-thumbnail\" alt=\"\" srcset=\"https:\/\/virtualnimuzej.aspira.hr\/wp-content\/uploads\/2022\/12\/1-2-66x66.jpg 66w, https:\/\/virtualnimuzej.aspira.hr\/wp-content\/uploads\/2022\/12\/1-2-150x150.jpg 150w\" sizes=\"(max-width: 150px) 100vw, 150px\" \/><\/a>\n\t\t\t<\/dt><\/dl><dl class='gallery-item'>\n\t\t\t<dt class='gallery-icon landscape'>\n\t\t\t\t<a data-rel=\"iLightbox[postimages]\" data-title=\"2\" data-caption=\"\" href='https:\/\/virtualnimuzej.aspira.hr\/es\/historia-familiar-de-svenko-raljevic\/2-18\/'><img decoding=\"async\" width=\"150\" height=\"150\" src=\"https:\/\/virtualnimuzej.aspira.hr\/wp-content\/uploads\/2022\/12\/2-2-150x150.jpg\" class=\"attachment-thumbnail size-thumbnail\" alt=\"\" srcset=\"https:\/\/virtualnimuzej.aspira.hr\/wp-content\/uploads\/2022\/12\/2-2-66x66.jpg 66w, https:\/\/virtualnimuzej.aspira.hr\/wp-content\/uploads\/2022\/12\/2-2-150x150.jpg 150w\" sizes=\"(max-width: 150px) 100vw, 150px\" \/><\/a>\n\t\t\t<\/dt><\/dl><dl class='gallery-item'>\n\t\t\t<dt class='gallery-icon portrait'>\n\t\t\t\t<a data-rel=\"iLightbox[postimages]\" data-title=\"3\" data-caption=\"\" href='https:\/\/virtualnimuzej.aspira.hr\/es\/historia-familiar-de-svenko-raljevic\/3-15\/'><img decoding=\"async\" width=\"150\" height=\"150\" src=\"https:\/\/virtualnimuzej.aspira.hr\/wp-content\/uploads\/2022\/12\/3-2-150x150.jpg\" class=\"attachment-thumbnail size-thumbnail\" alt=\"\" srcset=\"https:\/\/virtualnimuzej.aspira.hr\/wp-content\/uploads\/2022\/12\/3-2-66x66.jpg 66w, https:\/\/virtualnimuzej.aspira.hr\/wp-content\/uploads\/2022\/12\/3-2-150x150.jpg 150w, https:\/\/virtualnimuzej.aspira.hr\/wp-content\/uploads\/2022\/12\/3-2-200x200.jpg 200w, https:\/\/virtualnimuzej.aspira.hr\/wp-content\/uploads\/2022\/12\/3-2-300x300.jpg 300w, https:\/\/virtualnimuzej.aspira.hr\/wp-content\/uploads\/2022\/12\/3-2-400x401.jpg 400w, https:\/\/virtualnimuzej.aspira.hr\/wp-content\/uploads\/2022\/12\/3-2-600x601.jpg 600w, https:\/\/virtualnimuzej.aspira.hr\/wp-content\/uploads\/2022\/12\/3-2.jpg 629w\" sizes=\"(max-width: 150px) 100vw, 150px\" \/><\/a>\n\t\t\t<\/dt><\/dl><br style=\"clear: both\" \/><dl class='gallery-item'>\n\t\t\t<dt class='gallery-icon landscape'>\n\t\t\t\t<a data-rel=\"iLightbox[postimages]\" data-title=\"4\" data-caption=\"\" href='https:\/\/virtualnimuzej.aspira.hr\/es\/historia-familiar-de-svenko-raljevic\/4-17\/'><img decoding=\"async\" width=\"150\" height=\"150\" src=\"https:\/\/virtualnimuzej.aspira.hr\/wp-content\/uploads\/2022\/12\/4-2-150x150.jpg\" class=\"attachment-thumbnail size-thumbnail\" alt=\"\" srcset=\"https:\/\/virtualnimuzej.aspira.hr\/wp-content\/uploads\/2022\/12\/4-2-66x66.jpg 66w, https:\/\/virtualnimuzej.aspira.hr\/wp-content\/uploads\/2022\/12\/4-2-150x150.jpg 150w\" sizes=\"(max-width: 150px) 100vw, 150px\" \/><\/a>\n\t\t\t<\/dt><\/dl>\n\t\t\t<br style='clear: both' \/>\n\t\t<\/div>\n\n<p>&nbsp;<\/p>\n<p>A pesar de tener una vida tranquila y asentada ah\u00ed, tuvo complicaciones en el coraz\u00f3n, por lo que tuvo que llevar un tipo de vida diferente, aunque siempre le gustaba tener un estilo de vida con activo, casi ansioso. Decidi\u00f3 finalmente nacionalizarse boliviano, aunque como todo, lleg\u00f3 a su fin. Siempre llev\u00f3 una vida afable, nunca abandon\u00f3 la cultura croata, permaneciendo el uso del lenguaje, el contacto con su familia y amigos por llamadas, fotograf\u00edas, cartas y con la familia que ya hab\u00eda creado. Falleci\u00f3 a los 77 a\u00f1os en 2011.<\/p>\n<p>&nbsp;<\/p>\n<p>Svenko Raljevic, nieto de Sime Raljevic<\/p>\n<p>&nbsp;<\/p>\n","protected":false},"excerpt":{"rendered":"<p>&nbsp; Sime Raljevic fue el sexto e hijo menor de Petar Raljevic y Mar\u00eda Bassioli. &nbsp; &nbsp; Creci\u00f3 en la isla Dugi otok en Dalmacia ocupada por Italia en la [&hellip;]<\/p>\n","protected":false},"author":1,"featured_media":8201,"comment_status":"open","ping_status":"open","sticky":false,"template":"","format":"standard","meta":{"footnotes":""},"categories":[76],"tags":[],"class_list":["post-8200","post","type-post","status-publish","format-standard","has-post-thumbnail","hentry","category-bolivia-es"],"yoast_head":"<!-- This site is optimized with the Yoast SEO plugin v20.7 - https:\/\/yoast.com\/wordpress\/plugins\/seo\/ -->\n<title>Historia familiar de Svenko Raljevic - Aspira Virtualni Muzej iseljeni\u0161tva Dalmacije<\/title>\n<meta name=\"robots\" content=\"index, follow, max-snippet:-1, max-image-preview:large, max-video-preview:-1\" \/>\n<link rel=\"canonical\" href=\"https:\/\/virtualnimuzej.aspira.hr\/es\/historia-familiar-de-svenko-raljevic\/\" \/>\n<meta property=\"og:locale\" content=\"es_ES\" \/>\n<meta property=\"og:type\" content=\"article\" \/>\n<meta property=\"og:title\" content=\"Historia familiar de Svenko Raljevic - Aspira Virtualni Muzej iseljeni\u0161tva Dalmacije\" \/>\n<meta property=\"og:description\" content=\"&nbsp; Sime Raljevic fue el sexto e hijo menor de Petar Raljevic y Mar\u00eda Bassioli. &nbsp; &nbsp; Creci\u00f3 en la isla Dugi otok en Dalmacia ocupada por Italia en la [&hellip;]\" \/>\n<meta property=\"og:url\" content=\"https:\/\/virtualnimuzej.aspira.hr\/es\/historia-familiar-de-svenko-raljevic\/\" \/>\n<meta property=\"og:site_name\" content=\"Aspira Virtualni Muzej iseljeni\u0161tva Dalmacije\" \/>\n<meta property=\"article:published_time\" content=\"2022-12-06T16:02:38+00:00\" \/>\n<meta property=\"article:modified_time\" content=\"2022-12-07T07:58:28+00:00\" \/>\n<meta property=\"og:image\" content=\"https:\/\/virtualnimuzej.aspira.hr\/wp-content\/uploads\/2022\/12\/thumb__1130_0_0_0_auto_wm-2.jpg\" \/>\n\t<meta property=\"og:image:width\" content=\"800\" \/>\n\t<meta property=\"og:image:height\" content=\"737\" \/>\n\t<meta property=\"og:image:type\" content=\"image\/jpeg\" \/>\n<meta name=\"author\" content=\"VmuzejAspira\" \/>\n<meta name=\"twitter:card\" content=\"summary_large_image\" \/>\n<meta name=\"twitter:label1\" content=\"Escrito por\" \/>\n\t<meta name=\"twitter:data1\" content=\"VmuzejAspira\" \/>\n\t<meta name=\"twitter:label2\" content=\"Tiempo de lectura\" \/>\n\t<meta name=\"twitter:data2\" content=\"3 minutos\" \/>\n<script type=\"application\/ld+json\" class=\"yoast-schema-graph\">{\"@context\":\"https:\/\/schema.org\",\"@graph\":[{\"@type\":\"WebPage\",\"@id\":\"https:\/\/virtualnimuzej.aspira.hr\/es\/historia-familiar-de-svenko-raljevic\/\",\"url\":\"https:\/\/virtualnimuzej.aspira.hr\/es\/historia-familiar-de-svenko-raljevic\/\",\"name\":\"Historia familiar de Svenko Raljevic - Aspira Virtualni Muzej iseljeni\u0161tva Dalmacije\",\"isPartOf\":{\"@id\":\"https:\/\/virtualnimuzej.aspira.hr\/#website\"},\"datePublished\":\"2022-12-06T16:02:38+00:00\",\"dateModified\":\"2022-12-07T07:58:28+00:00\",\"author\":{\"@id\":\"https:\/\/virtualnimuzej.aspira.hr\/#\/schema\/person\/8b28048370e78968988c04d6f1ba104d\"},\"breadcrumb\":{\"@id\":\"https:\/\/virtualnimuzej.aspira.hr\/es\/historia-familiar-de-svenko-raljevic\/#breadcrumb\"},\"inLanguage\":\"es\",\"potentialAction\":[{\"@type\":\"ReadAction\",\"target\":[\"https:\/\/virtualnimuzej.aspira.hr\/es\/historia-familiar-de-svenko-raljevic\/\"]}]},{\"@type\":\"BreadcrumbList\",\"@id\":\"https:\/\/virtualnimuzej.aspira.hr\/es\/historia-familiar-de-svenko-raljevic\/#breadcrumb\",\"itemListElement\":[{\"@type\":\"ListItem\",\"position\":1,\"name\":\"Naslovna\",\"item\":\"https:\/\/virtualnimuzej.aspira.hr\/es\/\"},{\"@type\":\"ListItem\",\"position\":2,\"name\":\"Historia familiar de Svenko Raljevic\"}]},{\"@type\":\"WebSite\",\"@id\":\"https:\/\/virtualnimuzej.aspira.hr\/#website\",\"url\":\"https:\/\/virtualnimuzej.aspira.hr\/\",\"name\":\"Aspira Virtualni Muzej iseljeni\u0161tva Dalmacije\",\"description\":\"Muzej iseljeni\u0161tva je zami\u0161ljen kao mjesto skupljanja i prezentacije gra\u0111e o hrvatskom iseljeni\u0161tvu i povijesti iseljavanja koja nikada nije bila dovoljno istra\u017eena.\",\"potentialAction\":[{\"@type\":\"SearchAction\",\"target\":{\"@type\":\"EntryPoint\",\"urlTemplate\":\"https:\/\/virtualnimuzej.aspira.hr\/?s={search_term_string}\"},\"query-input\":\"required name=search_term_string\"}],\"inLanguage\":\"es\"},{\"@type\":\"Person\",\"@id\":\"https:\/\/virtualnimuzej.aspira.hr\/#\/schema\/person\/8b28048370e78968988c04d6f1ba104d\",\"name\":\"VmuzejAspira\",\"image\":{\"@type\":\"ImageObject\",\"inLanguage\":\"es\",\"@id\":\"https:\/\/virtualnimuzej.aspira.hr\/#\/schema\/person\/image\/\",\"url\":\"https:\/\/secure.gravatar.com\/avatar\/cfa7124a34eec5233efffe1e8fb23c18bb83abdb6129e8f47c9144109613a228?s=96&d=mm&r=g\",\"contentUrl\":\"https:\/\/secure.gravatar.com\/avatar\/cfa7124a34eec5233efffe1e8fb23c18bb83abdb6129e8f47c9144109613a228?s=96&d=mm&r=g\",\"caption\":\"VmuzejAspira\"},\"sameAs\":[\"http:\/\/virtualnimuzej.aspira.hr\"],\"url\":\"https:\/\/virtualnimuzej.aspira.hr\/es\/author\/vmuzejaspira\/\"}]}<\/script>\n<!-- \/ Yoast SEO plugin. -->","yoast_head_json":{"title":"Historia familiar de Svenko Raljevic - Aspira Virtualni Muzej iseljeni\u0161tva Dalmacije","robots":{"index":"index","follow":"follow","max-snippet":"max-snippet:-1","max-image-preview":"max-image-preview:large","max-video-preview":"max-video-preview:-1"},"canonical":"https:\/\/virtualnimuzej.aspira.hr\/es\/historia-familiar-de-svenko-raljevic\/","og_locale":"es_ES","og_type":"article","og_title":"Historia familiar de Svenko Raljevic - Aspira Virtualni Muzej iseljeni\u0161tva Dalmacije","og_description":"&nbsp; Sime Raljevic fue el sexto e hijo menor de Petar Raljevic y Mar\u00eda Bassioli. &nbsp; &nbsp; Creci\u00f3 en la isla Dugi otok en Dalmacia ocupada por Italia en la [&hellip;]","og_url":"https:\/\/virtualnimuzej.aspira.hr\/es\/historia-familiar-de-svenko-raljevic\/","og_site_name":"Aspira Virtualni Muzej iseljeni\u0161tva Dalmacije","article_published_time":"2022-12-06T16:02:38+00:00","article_modified_time":"2022-12-07T07:58:28+00:00","og_image":[{"width":800,"height":737,"url":"https:\/\/virtualnimuzej.aspira.hr\/wp-content\/uploads\/2022\/12\/thumb__1130_0_0_0_auto_wm-2.jpg","type":"image\/jpeg"}],"author":"VmuzejAspira","twitter_card":"summary_large_image","twitter_misc":{"Escrito por":"VmuzejAspira","Tiempo de lectura":"3 minutos"},"schema":{"@context":"https:\/\/schema.org","@graph":[{"@type":"WebPage","@id":"https:\/\/virtualnimuzej.aspira.hr\/es\/historia-familiar-de-svenko-raljevic\/","url":"https:\/\/virtualnimuzej.aspira.hr\/es\/historia-familiar-de-svenko-raljevic\/","name":"Historia familiar de Svenko Raljevic - Aspira Virtualni Muzej iseljeni\u0161tva Dalmacije","isPartOf":{"@id":"https:\/\/virtualnimuzej.aspira.hr\/#website"},"datePublished":"2022-12-06T16:02:38+00:00","dateModified":"2022-12-07T07:58:28+00:00","author":{"@id":"https:\/\/virtualnimuzej.aspira.hr\/#\/schema\/person\/8b28048370e78968988c04d6f1ba104d"},"breadcrumb":{"@id":"https:\/\/virtualnimuzej.aspira.hr\/es\/historia-familiar-de-svenko-raljevic\/#breadcrumb"},"inLanguage":"es","potentialAction":[{"@type":"ReadAction","target":["https:\/\/virtualnimuzej.aspira.hr\/es\/historia-familiar-de-svenko-raljevic\/"]}]},{"@type":"BreadcrumbList","@id":"https:\/\/virtualnimuzej.aspira.hr\/es\/historia-familiar-de-svenko-raljevic\/#breadcrumb","itemListElement":[{"@type":"ListItem","position":1,"name":"Naslovna","item":"https:\/\/virtualnimuzej.aspira.hr\/es\/"},{"@type":"ListItem","position":2,"name":"Historia familiar de Svenko Raljevic"}]},{"@type":"WebSite","@id":"https:\/\/virtualnimuzej.aspira.hr\/#website","url":"https:\/\/virtualnimuzej.aspira.hr\/","name":"Aspira Virtualni Muzej iseljeni\u0161tva Dalmacije","description":"Muzej iseljeni\u0161tva je zami\u0161ljen kao mjesto skupljanja i prezentacije gra\u0111e o hrvatskom iseljeni\u0161tvu i povijesti iseljavanja koja nikada nije bila dovoljno istra\u017eena.","potentialAction":[{"@type":"SearchAction","target":{"@type":"EntryPoint","urlTemplate":"https:\/\/virtualnimuzej.aspira.hr\/?s={search_term_string}"},"query-input":"required name=search_term_string"}],"inLanguage":"es"},{"@type":"Person","@id":"https:\/\/virtualnimuzej.aspira.hr\/#\/schema\/person\/8b28048370e78968988c04d6f1ba104d","name":"VmuzejAspira","image":{"@type":"ImageObject","inLanguage":"es","@id":"https:\/\/virtualnimuzej.aspira.hr\/#\/schema\/person\/image\/","url":"https:\/\/secure.gravatar.com\/avatar\/cfa7124a34eec5233efffe1e8fb23c18bb83abdb6129e8f47c9144109613a228?s=96&d=mm&r=g","contentUrl":"https:\/\/secure.gravatar.com\/avatar\/cfa7124a34eec5233efffe1e8fb23c18bb83abdb6129e8f47c9144109613a228?s=96&d=mm&r=g","caption":"VmuzejAspira"},"sameAs":["http:\/\/virtualnimuzej.aspira.hr"],"url":"https:\/\/virtualnimuzej.aspira.hr\/es\/author\/vmuzejaspira\/"}]}},"_links":{"self":[{"href":"https:\/\/virtualnimuzej.aspira.hr\/es\/wp-json\/wp\/v2\/posts\/8200","targetHints":{"allow":["GET"]}}],"collection":[{"href":"https:\/\/virtualnimuzej.aspira.hr\/es\/wp-json\/wp\/v2\/posts"}],"about":[{"href":"https:\/\/virtualnimuzej.aspira.hr\/es\/wp-json\/wp\/v2\/types\/post"}],"author":[{"embeddable":true,"href":"https:\/\/virtualnimuzej.aspira.hr\/es\/wp-json\/wp\/v2\/users\/1"}],"replies":[{"embeddable":true,"href":"https:\/\/virtualnimuzej.aspira.hr\/es\/wp-json\/wp\/v2\/comments?post=8200"}],"version-history":[{"count":2,"href":"https:\/\/virtualnimuzej.aspira.hr\/es\/wp-json\/wp\/v2\/posts\/8200\/revisions"}],"predecessor-version":[{"id":8255,"href":"https:\/\/virtualnimuzej.aspira.hr\/es\/wp-json\/wp\/v2\/posts\/8200\/revisions\/8255"}],"wp:featuredmedia":[{"embeddable":true,"href":"https:\/\/virtualnimuzej.aspira.hr\/es\/wp-json\/wp\/v2\/media\/8201"}],"wp:attachment":[{"href":"https:\/\/virtualnimuzej.aspira.hr\/es\/wp-json\/wp\/v2\/media?parent=8200"}],"wp:term":[{"taxonomy":"category","embeddable":true,"href":"https:\/\/virtualnimuzej.aspira.hr\/es\/wp-json\/wp\/v2\/categories?post=8200"},{"taxonomy":"post_tag","embeddable":true,"href":"https:\/\/virtualnimuzej.aspira.hr\/es\/wp-json\/wp\/v2\/tags?post=8200"}],"curies":[{"name":"wp","href":"https:\/\/api.w.org\/{rel}","templated":true}]}}