{"id":8220,"date":"2022-12-06T20:08:19","date_gmt":"2022-12-06T19:08:19","guid":{"rendered":"https:\/\/virtualnimuzej.aspira.hr\/?p=8220"},"modified":"2022-12-07T19:35:57","modified_gmt":"2022-12-07T18:35:57","slug":"historia-de-migracion-de-mi-familia-sardelic-gavranic-jakas","status":"publish","type":"post","link":"https:\/\/virtualnimuzej.aspira.hr\/es\/historia-de-migracion-de-mi-familia-sardelic-gavranic-jakas\/","title":{"rendered":"HISTORIA DE MIGRACION DE MI FAMILIA SARDELIC GAVRANIC JAKAS"},"content":{"rendered":"<p>&nbsp;<\/p>\n<p>La historia de mi linaje Croata es muy particular ya que por ambas partes, abuelos paternos y maternos eran Croatas mas peculiar aun ya que mis 4 abuelos nacieron en la misma ciudad.<\/p>\n<p>Mis abuelos paternos MARKO SARDELI\u0106 BRNARDO oriundo de la ciudad de Blato y KATA MARINOVI\u0106 SALATA oriunda tambien de BLATO isla de Kor\u010dula tomaron la decision de emigrar a Argentina en busca de oportunidades para una mejor calidad de vida y escapando de la posible Segunda guerra mundial que se avecinaba.<\/p>\n<p>&nbsp;<\/p>\n<p><img decoding=\"async\" class=\"alignnone size-medium wp-image-8224\" src=\"https:\/\/virtualnimuzej.aspira.hr\/wp-content\/uploads\/2022\/12\/image_123927839-216x300.jpg\" alt=\"\" width=\"216\" height=\"300\" srcset=\"https:\/\/virtualnimuzej.aspira.hr\/wp-content\/uploads\/2022\/12\/image_123927839-200x277.jpg 200w, https:\/\/virtualnimuzej.aspira.hr\/wp-content\/uploads\/2022\/12\/image_123927839-216x300.jpg 216w, https:\/\/virtualnimuzej.aspira.hr\/wp-content\/uploads\/2022\/12\/image_123927839-400x555.jpg 400w, https:\/\/virtualnimuzej.aspira.hr\/wp-content\/uploads\/2022\/12\/image_123927839.jpg 577w\" sizes=\"(max-width: 216px) 100vw, 216px\" \/>\u00a0 \u00a0 \u00a0 <img decoding=\"async\" class=\"alignnone size-medium wp-image-8227\" src=\"https:\/\/virtualnimuzej.aspira.hr\/wp-content\/uploads\/2022\/12\/image_123927839-1-207x300.jpg\" alt=\"\" width=\"207\" height=\"300\" srcset=\"https:\/\/virtualnimuzej.aspira.hr\/wp-content\/uploads\/2022\/12\/image_123927839-1-200x289.jpg 200w, https:\/\/virtualnimuzej.aspira.hr\/wp-content\/uploads\/2022\/12\/image_123927839-1-207x300.jpg 207w, https:\/\/virtualnimuzej.aspira.hr\/wp-content\/uploads\/2022\/12\/image_123927839-1-400x579.jpg 400w, https:\/\/virtualnimuzej.aspira.hr\/wp-content\/uploads\/2022\/12\/image_123927839-1.jpg 553w\" sizes=\"(max-width: 207px) 100vw, 207px\" \/><\/p>\n<p>&nbsp;<\/p>\n<p>Formaron pareja en su pais natal y viajaron juntos a Argentina, llegando en barco al puerto de Buenos Aires. Su estadia fue corta en el Hotel de los inmigrantes para despues viajar a la ciudad de Santa fe capital. Donde aqui conformaron su familia, tuvieron 3 hijos MARCOS mi tio, MAXIMO mi padre nacido el 6 de julio de 1935 y SUSANA SARDELIC mi tia.<\/p>\n<p>Transcurria el a\u00f1o 1941 mis abuelos maternos PEDRO GAVRANIC JAKAS oriundo de la ciudad de BLATO isla de Kor\u010dula y PAULINA CETINIC tambien nacida en BLATO isla de Kor\u010dula, ya siendo pareja tomaron la decision en plena guerra mundial de emigrar para argentina escapando de dicha guerra en busca de seguridad y un buen pasar economico. Llegaron en barco al puerto de Buenos Aires. Se alojaron en el hotel de los inmigrantes para despues viajar a la ciudad de Santa fe capital. Donde en dicha ciudad formaron su familia, tuvieron una sola hija MYRYAM CATALINA GAVRANIC JAKAS mi madre. nacida a los 18 dias del mes de abril de 1943.<\/p>\n<p>&nbsp;<\/p>\n<p><img decoding=\"async\" class=\"alignnone size-medium wp-image-8230\" src=\"https:\/\/virtualnimuzej.aspira.hr\/wp-content\/uploads\/2022\/12\/IMG_2632-300x198.jpg\" alt=\"\" width=\"300\" height=\"198\" srcset=\"https:\/\/virtualnimuzej.aspira.hr\/wp-content\/uploads\/2022\/12\/IMG_2632-200x132.jpg 200w, https:\/\/virtualnimuzej.aspira.hr\/wp-content\/uploads\/2022\/12\/IMG_2632-300x198.jpg 300w, https:\/\/virtualnimuzej.aspira.hr\/wp-content\/uploads\/2022\/12\/IMG_2632-400x265.jpg 400w, https:\/\/virtualnimuzej.aspira.hr\/wp-content\/uploads\/2022\/12\/IMG_2632-600x397.jpg 600w, https:\/\/virtualnimuzej.aspira.hr\/wp-content\/uploads\/2022\/12\/IMG_2632-768x508.jpg 768w, https:\/\/virtualnimuzej.aspira.hr\/wp-content\/uploads\/2022\/12\/IMG_2632.jpg 800w\" sizes=\"(max-width: 300px) 100vw, 300px\" \/><\/p>\n<p>Fila superior de izquiera a derecha el sexto hombre mi abuelo materno PEDRO GAVRANIC JAKAS<\/p>\n<p>&nbsp;<\/p>\n<p><img decoding=\"async\" class=\"alignnone size-medium wp-image-8233\" src=\"https:\/\/virtualnimuzej.aspira.hr\/wp-content\/uploads\/2022\/12\/IMG_2633-300x201.jpg\" alt=\"\" width=\"300\" height=\"201\" srcset=\"https:\/\/virtualnimuzej.aspira.hr\/wp-content\/uploads\/2022\/12\/IMG_2633-200x134.jpg 200w, https:\/\/virtualnimuzej.aspira.hr\/wp-content\/uploads\/2022\/12\/IMG_2633-300x201.jpg 300w, https:\/\/virtualnimuzej.aspira.hr\/wp-content\/uploads\/2022\/12\/IMG_2633-400x269.jpg 400w, https:\/\/virtualnimuzej.aspira.hr\/wp-content\/uploads\/2022\/12\/IMG_2633-600x403.jpg 600w, https:\/\/virtualnimuzej.aspira.hr\/wp-content\/uploads\/2022\/12\/IMG_2633-768x516.jpg 768w, https:\/\/virtualnimuzej.aspira.hr\/wp-content\/uploads\/2022\/12\/IMG_2633.jpg 800w\" sizes=\"(max-width: 300px) 100vw, 300px\" \/><\/p>\n<p>Fila del medio de muejeres de izquierda a derecha la cuarta mi abuela materna PAULINA CETINIC<\/p>\n<p>&nbsp;<\/p>\n<p><img decoding=\"async\" class=\"alignnone wp-image-8236\" src=\"https:\/\/virtualnimuzej.aspira.hr\/wp-content\/uploads\/2022\/12\/IMG_2634-300x245.jpg\" alt=\"\" width=\"305\" height=\"249\" srcset=\"https:\/\/virtualnimuzej.aspira.hr\/wp-content\/uploads\/2022\/12\/IMG_2634-200x164.jpg 200w, https:\/\/virtualnimuzej.aspira.hr\/wp-content\/uploads\/2022\/12\/IMG_2634-300x245.jpg 300w, https:\/\/virtualnimuzej.aspira.hr\/wp-content\/uploads\/2022\/12\/IMG_2634-400x327.jpg 400w, https:\/\/virtualnimuzej.aspira.hr\/wp-content\/uploads\/2022\/12\/IMG_2634-600x491.jpg 600w, https:\/\/virtualnimuzej.aspira.hr\/wp-content\/uploads\/2022\/12\/IMG_2634-768x628.jpg 768w, https:\/\/virtualnimuzej.aspira.hr\/wp-content\/uploads\/2022\/12\/IMG_2634.jpg 800w\" sizes=\"(max-width: 305px) 100vw, 305px\" \/><\/p>\n<p>Mi abuela paterna KATA MARINOVIC junto a mi padre MAXIMO SARDELICH<\/p>\n<p>&nbsp;<\/p>\n<p><img decoding=\"async\" class=\"alignnone wp-image-8239\" src=\"https:\/\/virtualnimuzej.aspira.hr\/wp-content\/uploads\/2022\/12\/IMG_2635-300x229.jpg\" alt=\"\" width=\"307\" height=\"234\" srcset=\"https:\/\/virtualnimuzej.aspira.hr\/wp-content\/uploads\/2022\/12\/IMG_2635-200x153.jpg 200w, https:\/\/virtualnimuzej.aspira.hr\/wp-content\/uploads\/2022\/12\/IMG_2635-300x229.jpg 300w, https:\/\/virtualnimuzej.aspira.hr\/wp-content\/uploads\/2022\/12\/IMG_2635-400x306.jpg 400w, https:\/\/virtualnimuzej.aspira.hr\/wp-content\/uploads\/2022\/12\/IMG_2635-600x458.jpg 600w, https:\/\/virtualnimuzej.aspira.hr\/wp-content\/uploads\/2022\/12\/IMG_2635-768x587.jpg 768w, https:\/\/virtualnimuzej.aspira.hr\/wp-content\/uploads\/2022\/12\/IMG_2635.jpg 800w\" sizes=\"(max-width: 307px) 100vw, 307px\" \/><\/p>\n<p>Mi abuela paterna y yo<\/p>\n<p>&nbsp;<\/p>\n<p><img decoding=\"async\" class=\"alignnone wp-image-8242\" src=\"https:\/\/virtualnimuzej.aspira.hr\/wp-content\/uploads\/2022\/12\/IMG_2638-300x179.jpg\" alt=\"\" width=\"307\" height=\"183\" srcset=\"https:\/\/virtualnimuzej.aspira.hr\/wp-content\/uploads\/2022\/12\/IMG_2638-200x119.jpg 200w, https:\/\/virtualnimuzej.aspira.hr\/wp-content\/uploads\/2022\/12\/IMG_2638-300x179.jpg 300w, https:\/\/virtualnimuzej.aspira.hr\/wp-content\/uploads\/2022\/12\/IMG_2638-400x238.jpg 400w, https:\/\/virtualnimuzej.aspira.hr\/wp-content\/uploads\/2022\/12\/IMG_2638-600x357.jpg 600w, https:\/\/virtualnimuzej.aspira.hr\/wp-content\/uploads\/2022\/12\/IMG_2638-768x457.jpg 768w, https:\/\/virtualnimuzej.aspira.hr\/wp-content\/uploads\/2022\/12\/IMG_2638.jpg 800w\" sizes=\"(max-width: 307px) 100vw, 307px\" \/><\/p>\n<p>Mi padre, madre y yo<\/p>\n<p>&nbsp;<\/p>\n<p><img decoding=\"async\" class=\"alignnone size-medium wp-image-8245\" src=\"https:\/\/virtualnimuzej.aspira.hr\/wp-content\/uploads\/2022\/12\/IMG_2637-200x300.jpg\" alt=\"\" width=\"200\" height=\"300\" srcset=\"https:\/\/virtualnimuzej.aspira.hr\/wp-content\/uploads\/2022\/12\/IMG_2637-200x301.jpg 200w, https:\/\/virtualnimuzej.aspira.hr\/wp-content\/uploads\/2022\/12\/IMG_2637-400x602.jpg 400w, https:\/\/virtualnimuzej.aspira.hr\/wp-content\/uploads\/2022\/12\/IMG_2637.jpg 532w\" sizes=\"(max-width: 200px) 100vw, 200px\" \/>\u00a0 \u00a0 \u00a0 <img decoding=\"async\" class=\"alignnone size-medium wp-image-8248\" src=\"https:\/\/virtualnimuzej.aspira.hr\/wp-content\/uploads\/2022\/12\/IMG-2636-204x300.jpg\" alt=\"\" width=\"204\" height=\"300\" srcset=\"https:\/\/virtualnimuzej.aspira.hr\/wp-content\/uploads\/2022\/12\/IMG-2636-200x295.jpg 200w, https:\/\/virtualnimuzej.aspira.hr\/wp-content\/uploads\/2022\/12\/IMG-2636-204x300.jpg 204w, https:\/\/virtualnimuzej.aspira.hr\/wp-content\/uploads\/2022\/12\/IMG-2636-400x589.jpg 400w, https:\/\/virtualnimuzej.aspira.hr\/wp-content\/uploads\/2022\/12\/IMG-2636.jpg 543w\" sizes=\"(max-width: 204px) 100vw, 204px\" \/><\/p>\n<p>&nbsp;<\/p>\n<p>El apellido Sardelic cuando llegaron mis abuelos fue cambiado y adoptado al castellano agregando una h final de aqui la diferencia Sardelic \/ Sardelich.<\/p>\n<p>Mis abuelos se fueron de Croacia sin nada, solo sue\u00f1os, incertidumbre y muchas ganas de progresar vivir tranquilos en una tierra en ese entonces de oportunidades, establidad economica y seguridad.<\/p>\n<p>Pasaron mas de la mitad de su vida en Argentina formando su familia, estabilidad economica y un futuro prometedor para sus hijos. Hasta fallecer ( los 4 ) en Santa fe capital.<\/p>\n<p>Mi padre Maximo Sardelich fallecio el 22 de octubre de 2021 muy reciente, mi madre actualmente tiene 79 a\u00f1os.<\/p>\n<p>En el a\u00f1o 1969 se conocieron mis padres MAXIMO SARDELICH y MYRIAM GAVRNIC JAKAS en la ciudad de Santa fe un a\u00f1o mas tarde contraerian matrimonio el dia 25 de septiembre de 1970 y el fruto de esa relacion es la persona que esta narrando esta hermosa historia de mis antepasados croatas, mi nombre es MAXIMO MARTIN IVAN SARDELICH soy unico hijo tengo 37 a\u00f1os nacido en la ciudad de Santa fe capital 25 de septiembre de 1985.<\/p>\n<p>&nbsp;<\/p>\n<p>&nbsp;<\/p>\n<p>MAXIMO MARTIN IVAN SARDELICH<\/p>\n<p>&nbsp;<\/p>\n<p>&nbsp;<\/p>\n<p>&nbsp;<\/p>\n","protected":false},"excerpt":{"rendered":"<p>&nbsp; La historia de mi linaje Croata es muy particular ya que por ambas partes, abuelos paternos y maternos eran Croatas mas peculiar aun ya que mis 4 abuelos nacieron [&hellip;]<\/p>\n","protected":false},"author":1,"featured_media":8221,"comment_status":"open","ping_status":"open","sticky":false,"template":"","format":"standard","meta":{"footnotes":""},"categories":[75],"tags":[],"class_list":["post-8220","post","type-post","status-publish","format-standard","has-post-thumbnail","hentry","category-argentina-es"],"yoast_head":"<!-- This site is optimized with the Yoast SEO plugin v20.7 - https:\/\/yoast.com\/wordpress\/plugins\/seo\/ -->\n<title>HISTORIA DE MIGRACION DE MI FAMILIA SARDELIC GAVRANIC JAKAS - Aspira Virtualni Muzej iseljeni\u0161tva Dalmacije<\/title>\n<meta name=\"robots\" content=\"index, follow, max-snippet:-1, max-image-preview:large, max-video-preview:-1\" \/>\n<link rel=\"canonical\" href=\"https:\/\/virtualnimuzej.aspira.hr\/es\/historia-de-migracion-de-mi-familia-sardelic-gavranic-jakas\/\" \/>\n<meta property=\"og:locale\" content=\"es_ES\" \/>\n<meta property=\"og:type\" content=\"article\" \/>\n<meta property=\"og:title\" content=\"HISTORIA DE MIGRACION DE MI FAMILIA SARDELIC GAVRANIC JAKAS - Aspira Virtualni Muzej iseljeni\u0161tva Dalmacije\" \/>\n<meta property=\"og:description\" content=\"&nbsp; La historia de mi linaje Croata es muy particular ya que por ambas partes, abuelos paternos y maternos eran Croatas mas peculiar aun ya que mis 4 abuelos nacieron [&hellip;]\" \/>\n<meta property=\"og:url\" content=\"https:\/\/virtualnimuzej.aspira.hr\/es\/historia-de-migracion-de-mi-familia-sardelic-gavranic-jakas\/\" \/>\n<meta property=\"og:site_name\" content=\"Aspira Virtualni Muzej iseljeni\u0161tva Dalmacije\" \/>\n<meta property=\"article:published_time\" content=\"2022-12-06T19:08:19+00:00\" \/>\n<meta property=\"article:modified_time\" content=\"2022-12-07T18:35:57+00:00\" \/>\n<meta property=\"og:image\" content=\"https:\/\/virtualnimuzej.aspira.hr\/wp-content\/uploads\/2022\/12\/15c19af6d32f4bdb8f5f454dedd0554e-scaled.jpg\" \/>\n\t<meta property=\"og:image:width\" content=\"2560\" \/>\n\t<meta property=\"og:image:height\" content=\"1438\" \/>\n\t<meta property=\"og:image:type\" content=\"image\/jpeg\" \/>\n<meta name=\"author\" content=\"VmuzejAspira\" \/>\n<meta name=\"twitter:card\" content=\"summary_large_image\" \/>\n<meta name=\"twitter:label1\" content=\"Escrito por\" \/>\n\t<meta name=\"twitter:data1\" content=\"VmuzejAspira\" \/>\n\t<meta name=\"twitter:label2\" content=\"Tiempo de lectura\" \/>\n\t<meta name=\"twitter:data2\" content=\"5 minutos\" \/>\n<script type=\"application\/ld+json\" class=\"yoast-schema-graph\">{\"@context\":\"https:\/\/schema.org\",\"@graph\":[{\"@type\":\"WebPage\",\"@id\":\"https:\/\/virtualnimuzej.aspira.hr\/es\/historia-de-migracion-de-mi-familia-sardelic-gavranic-jakas\/\",\"url\":\"https:\/\/virtualnimuzej.aspira.hr\/es\/historia-de-migracion-de-mi-familia-sardelic-gavranic-jakas\/\",\"name\":\"HISTORIA DE MIGRACION DE MI FAMILIA SARDELIC GAVRANIC JAKAS - Aspira Virtualni Muzej iseljeni\u0161tva Dalmacije\",\"isPartOf\":{\"@id\":\"https:\/\/virtualnimuzej.aspira.hr\/#website\"},\"datePublished\":\"2022-12-06T19:08:19+00:00\",\"dateModified\":\"2022-12-07T18:35:57+00:00\",\"author\":{\"@id\":\"https:\/\/virtualnimuzej.aspira.hr\/#\/schema\/person\/8b28048370e78968988c04d6f1ba104d\"},\"breadcrumb\":{\"@id\":\"https:\/\/virtualnimuzej.aspira.hr\/es\/historia-de-migracion-de-mi-familia-sardelic-gavranic-jakas\/#breadcrumb\"},\"inLanguage\":\"es\",\"potentialAction\":[{\"@type\":\"ReadAction\",\"target\":[\"https:\/\/virtualnimuzej.aspira.hr\/es\/historia-de-migracion-de-mi-familia-sardelic-gavranic-jakas\/\"]}]},{\"@type\":\"BreadcrumbList\",\"@id\":\"https:\/\/virtualnimuzej.aspira.hr\/es\/historia-de-migracion-de-mi-familia-sardelic-gavranic-jakas\/#breadcrumb\",\"itemListElement\":[{\"@type\":\"ListItem\",\"position\":1,\"name\":\"Naslovna\",\"item\":\"https:\/\/virtualnimuzej.aspira.hr\/es\/\"},{\"@type\":\"ListItem\",\"position\":2,\"name\":\"HISTORIA DE MIGRACION DE MI FAMILIA SARDELIC GAVRANIC JAKAS\"}]},{\"@type\":\"WebSite\",\"@id\":\"https:\/\/virtualnimuzej.aspira.hr\/#website\",\"url\":\"https:\/\/virtualnimuzej.aspira.hr\/\",\"name\":\"Aspira Virtualni Muzej iseljeni\u0161tva Dalmacije\",\"description\":\"Muzej iseljeni\u0161tva je zami\u0161ljen kao mjesto skupljanja i prezentacije gra\u0111e o hrvatskom iseljeni\u0161tvu i povijesti iseljavanja koja nikada nije bila dovoljno istra\u017eena.\",\"potentialAction\":[{\"@type\":\"SearchAction\",\"target\":{\"@type\":\"EntryPoint\",\"urlTemplate\":\"https:\/\/virtualnimuzej.aspira.hr\/?s={search_term_string}\"},\"query-input\":\"required name=search_term_string\"}],\"inLanguage\":\"es\"},{\"@type\":\"Person\",\"@id\":\"https:\/\/virtualnimuzej.aspira.hr\/#\/schema\/person\/8b28048370e78968988c04d6f1ba104d\",\"name\":\"VmuzejAspira\",\"image\":{\"@type\":\"ImageObject\",\"inLanguage\":\"es\",\"@id\":\"https:\/\/virtualnimuzej.aspira.hr\/#\/schema\/person\/image\/\",\"url\":\"https:\/\/secure.gravatar.com\/avatar\/cfa7124a34eec5233efffe1e8fb23c18bb83abdb6129e8f47c9144109613a228?s=96&d=mm&r=g\",\"contentUrl\":\"https:\/\/secure.gravatar.com\/avatar\/cfa7124a34eec5233efffe1e8fb23c18bb83abdb6129e8f47c9144109613a228?s=96&d=mm&r=g\",\"caption\":\"VmuzejAspira\"},\"sameAs\":[\"http:\/\/virtualnimuzej.aspira.hr\"],\"url\":\"https:\/\/virtualnimuzej.aspira.hr\/es\/author\/vmuzejaspira\/\"}]}<\/script>\n<!-- \/ Yoast SEO plugin. -->","yoast_head_json":{"title":"HISTORIA DE MIGRACION DE MI FAMILIA SARDELIC GAVRANIC JAKAS - Aspira Virtualni Muzej iseljeni\u0161tva Dalmacije","robots":{"index":"index","follow":"follow","max-snippet":"max-snippet:-1","max-image-preview":"max-image-preview:large","max-video-preview":"max-video-preview:-1"},"canonical":"https:\/\/virtualnimuzej.aspira.hr\/es\/historia-de-migracion-de-mi-familia-sardelic-gavranic-jakas\/","og_locale":"es_ES","og_type":"article","og_title":"HISTORIA DE MIGRACION DE MI FAMILIA SARDELIC GAVRANIC JAKAS - Aspira Virtualni Muzej iseljeni\u0161tva Dalmacije","og_description":"&nbsp; La historia de mi linaje Croata es muy particular ya que por ambas partes, abuelos paternos y maternos eran Croatas mas peculiar aun ya que mis 4 abuelos nacieron [&hellip;]","og_url":"https:\/\/virtualnimuzej.aspira.hr\/es\/historia-de-migracion-de-mi-familia-sardelic-gavranic-jakas\/","og_site_name":"Aspira Virtualni Muzej iseljeni\u0161tva Dalmacije","article_published_time":"2022-12-06T19:08:19+00:00","article_modified_time":"2022-12-07T18:35:57+00:00","og_image":[{"width":2560,"height":1438,"url":"https:\/\/virtualnimuzej.aspira.hr\/wp-content\/uploads\/2022\/12\/15c19af6d32f4bdb8f5f454dedd0554e-scaled.jpg","type":"image\/jpeg"}],"author":"VmuzejAspira","twitter_card":"summary_large_image","twitter_misc":{"Escrito por":"VmuzejAspira","Tiempo de lectura":"5 minutos"},"schema":{"@context":"https:\/\/schema.org","@graph":[{"@type":"WebPage","@id":"https:\/\/virtualnimuzej.aspira.hr\/es\/historia-de-migracion-de-mi-familia-sardelic-gavranic-jakas\/","url":"https:\/\/virtualnimuzej.aspira.hr\/es\/historia-de-migracion-de-mi-familia-sardelic-gavranic-jakas\/","name":"HISTORIA DE MIGRACION DE MI FAMILIA SARDELIC GAVRANIC JAKAS - Aspira Virtualni Muzej iseljeni\u0161tva Dalmacije","isPartOf":{"@id":"https:\/\/virtualnimuzej.aspira.hr\/#website"},"datePublished":"2022-12-06T19:08:19+00:00","dateModified":"2022-12-07T18:35:57+00:00","author":{"@id":"https:\/\/virtualnimuzej.aspira.hr\/#\/schema\/person\/8b28048370e78968988c04d6f1ba104d"},"breadcrumb":{"@id":"https:\/\/virtualnimuzej.aspira.hr\/es\/historia-de-migracion-de-mi-familia-sardelic-gavranic-jakas\/#breadcrumb"},"inLanguage":"es","potentialAction":[{"@type":"ReadAction","target":["https:\/\/virtualnimuzej.aspira.hr\/es\/historia-de-migracion-de-mi-familia-sardelic-gavranic-jakas\/"]}]},{"@type":"BreadcrumbList","@id":"https:\/\/virtualnimuzej.aspira.hr\/es\/historia-de-migracion-de-mi-familia-sardelic-gavranic-jakas\/#breadcrumb","itemListElement":[{"@type":"ListItem","position":1,"name":"Naslovna","item":"https:\/\/virtualnimuzej.aspira.hr\/es\/"},{"@type":"ListItem","position":2,"name":"HISTORIA DE MIGRACION DE MI FAMILIA SARDELIC GAVRANIC JAKAS"}]},{"@type":"WebSite","@id":"https:\/\/virtualnimuzej.aspira.hr\/#website","url":"https:\/\/virtualnimuzej.aspira.hr\/","name":"Aspira Virtualni Muzej iseljeni\u0161tva Dalmacije","description":"Muzej iseljeni\u0161tva je zami\u0161ljen kao mjesto skupljanja i prezentacije gra\u0111e o hrvatskom iseljeni\u0161tvu i povijesti iseljavanja koja nikada nije bila dovoljno istra\u017eena.","potentialAction":[{"@type":"SearchAction","target":{"@type":"EntryPoint","urlTemplate":"https:\/\/virtualnimuzej.aspira.hr\/?s={search_term_string}"},"query-input":"required name=search_term_string"}],"inLanguage":"es"},{"@type":"Person","@id":"https:\/\/virtualnimuzej.aspira.hr\/#\/schema\/person\/8b28048370e78968988c04d6f1ba104d","name":"VmuzejAspira","image":{"@type":"ImageObject","inLanguage":"es","@id":"https:\/\/virtualnimuzej.aspira.hr\/#\/schema\/person\/image\/","url":"https:\/\/secure.gravatar.com\/avatar\/cfa7124a34eec5233efffe1e8fb23c18bb83abdb6129e8f47c9144109613a228?s=96&d=mm&r=g","contentUrl":"https:\/\/secure.gravatar.com\/avatar\/cfa7124a34eec5233efffe1e8fb23c18bb83abdb6129e8f47c9144109613a228?s=96&d=mm&r=g","caption":"VmuzejAspira"},"sameAs":["http:\/\/virtualnimuzej.aspira.hr"],"url":"https:\/\/virtualnimuzej.aspira.hr\/es\/author\/vmuzejaspira\/"}]}},"_links":{"self":[{"href":"https:\/\/virtualnimuzej.aspira.hr\/es\/wp-json\/wp\/v2\/posts\/8220","targetHints":{"allow":["GET"]}}],"collection":[{"href":"https:\/\/virtualnimuzej.aspira.hr\/es\/wp-json\/wp\/v2\/posts"}],"about":[{"href":"https:\/\/virtualnimuzej.aspira.hr\/es\/wp-json\/wp\/v2\/types\/post"}],"author":[{"embeddable":true,"href":"https:\/\/virtualnimuzej.aspira.hr\/es\/wp-json\/wp\/v2\/users\/1"}],"replies":[{"embeddable":true,"href":"https:\/\/virtualnimuzej.aspira.hr\/es\/wp-json\/wp\/v2\/comments?post=8220"}],"version-history":[{"count":2,"href":"https:\/\/virtualnimuzej.aspira.hr\/es\/wp-json\/wp\/v2\/posts\/8220\/revisions"}],"predecessor-version":[{"id":8258,"href":"https:\/\/virtualnimuzej.aspira.hr\/es\/wp-json\/wp\/v2\/posts\/8220\/revisions\/8258"}],"wp:featuredmedia":[{"embeddable":true,"href":"https:\/\/virtualnimuzej.aspira.hr\/es\/wp-json\/wp\/v2\/media\/8221"}],"wp:attachment":[{"href":"https:\/\/virtualnimuzej.aspira.hr\/es\/wp-json\/wp\/v2\/media?parent=8220"}],"wp:term":[{"taxonomy":"category","embeddable":true,"href":"https:\/\/virtualnimuzej.aspira.hr\/es\/wp-json\/wp\/v2\/categories?post=8220"},{"taxonomy":"post_tag","embeddable":true,"href":"https:\/\/virtualnimuzej.aspira.hr\/es\/wp-json\/wp\/v2\/tags?post=8220"}],"curies":[{"name":"wp","href":"https:\/\/api.w.org\/{rel}","templated":true}]}}