{"id":8339,"date":"2022-12-09T17:53:06","date_gmt":"2022-12-09T16:53:06","guid":{"rendered":"https:\/\/virtualnimuzej.aspira.hr\/?p=8339"},"modified":"2022-12-09T17:53:06","modified_gmt":"2022-12-09T16:53:06","slug":"historia-de-luko-hilje-de-costa-rica","status":"publish","type":"post","link":"https:\/\/virtualnimuzej.aspira.hr\/es\/historia-de-luko-hilje-de-costa-rica\/","title":{"rendered":"Historia de Luko Hilje de Costa Rica"},"content":{"rendered":"<p><a href=\"https:\/\/virtualnimuzej.aspira.hr\/wp-content\/uploads\/2022\/12\/De-Ragusa-a-Ragusa-Luko-Hilje-2022.pdf\">De Ragusa a Ragusa- Luko Hilje- 2022<\/a><\/p>\n","protected":false},"excerpt":{"rendered":"<p>De Ragusa a Ragusa- Luko Hilje- 2022<\/p>\n","protected":false},"author":1,"featured_media":8343,"comment_status":"open","ping_status":"open","sticky":false,"template":"","format":"standard","meta":{"footnotes":""},"categories":[82],"tags":[],"class_list":["post-8339","post","type-post","status-publish","format-standard","has-post-thumbnail","hentry","category-costa-rica-es"],"yoast_head":"<!-- This site is optimized with the Yoast SEO plugin v20.7 - https:\/\/yoast.com\/wordpress\/plugins\/seo\/ -->\n<title>Historia de Luko Hilje de Costa Rica - Aspira Virtualni Muzej iseljeni\u0161tva Dalmacije<\/title>\n<meta name=\"robots\" content=\"index, follow, max-snippet:-1, max-image-preview:large, max-video-preview:-1\" \/>\n<link rel=\"canonical\" href=\"https:\/\/virtualnimuzej.aspira.hr\/es\/historia-de-luko-hilje-de-costa-rica\/\" \/>\n<meta property=\"og:locale\" content=\"es_ES\" \/>\n<meta property=\"og:type\" content=\"article\" \/>\n<meta property=\"og:title\" content=\"Historia de Luko Hilje de Costa Rica - Aspira Virtualni Muzej iseljeni\u0161tva Dalmacije\" \/>\n<meta property=\"og:description\" content=\"De Ragusa a Ragusa- Luko Hilje- 2022\" \/>\n<meta property=\"og:url\" content=\"https:\/\/virtualnimuzej.aspira.hr\/es\/historia-de-luko-hilje-de-costa-rica\/\" \/>\n<meta property=\"og:site_name\" content=\"Aspira Virtualni Muzej iseljeni\u0161tva Dalmacije\" \/>\n<meta property=\"article:published_time\" content=\"2022-12-09T16:53:06+00:00\" \/>\n<meta property=\"og:image\" content=\"https:\/\/virtualnimuzej.aspira.hr\/wp-content\/uploads\/2022\/12\/download-5-2.jpg\" \/>\n\t<meta property=\"og:image:width\" content=\"333\" \/>\n\t<meta property=\"og:image:height\" content=\"200\" \/>\n\t<meta property=\"og:image:type\" content=\"image\/jpeg\" \/>\n<meta name=\"author\" content=\"VmuzejAspira\" \/>\n<meta name=\"twitter:card\" content=\"summary_large_image\" \/>\n<meta name=\"twitter:label1\" content=\"Escrito por\" \/>\n\t<meta name=\"twitter:data1\" content=\"VmuzejAspira\" \/>\n\t<meta name=\"twitter:label2\" content=\"Tiempo de lectura\" \/>\n\t<meta name=\"twitter:data2\" content=\"1 minuto\" \/>\n<script type=\"application\/ld+json\" class=\"yoast-schema-graph\">{\"@context\":\"https:\/\/schema.org\",\"@graph\":[{\"@type\":\"WebPage\",\"@id\":\"https:\/\/virtualnimuzej.aspira.hr\/es\/historia-de-luko-hilje-de-costa-rica\/\",\"url\":\"https:\/\/virtualnimuzej.aspira.hr\/es\/historia-de-luko-hilje-de-costa-rica\/\",\"name\":\"Historia de Luko Hilje de Costa Rica - Aspira Virtualni Muzej iseljeni\u0161tva Dalmacije\",\"isPartOf\":{\"@id\":\"https:\/\/virtualnimuzej.aspira.hr\/#website\"},\"datePublished\":\"2022-12-09T16:53:06+00:00\",\"dateModified\":\"2022-12-09T16:53:06+00:00\",\"author\":{\"@id\":\"https:\/\/virtualnimuzej.aspira.hr\/#\/schema\/person\/8b28048370e78968988c04d6f1ba104d\"},\"breadcrumb\":{\"@id\":\"https:\/\/virtualnimuzej.aspira.hr\/es\/historia-de-luko-hilje-de-costa-rica\/#breadcrumb\"},\"inLanguage\":\"es\",\"potentialAction\":[{\"@type\":\"ReadAction\",\"target\":[\"https:\/\/virtualnimuzej.aspira.hr\/es\/historia-de-luko-hilje-de-costa-rica\/\"]}]},{\"@type\":\"BreadcrumbList\",\"@id\":\"https:\/\/virtualnimuzej.aspira.hr\/es\/historia-de-luko-hilje-de-costa-rica\/#breadcrumb\",\"itemListElement\":[{\"@type\":\"ListItem\",\"position\":1,\"name\":\"Naslovna\",\"item\":\"https:\/\/virtualnimuzej.aspira.hr\/es\/\"},{\"@type\":\"ListItem\",\"position\":2,\"name\":\"Historia de Luko Hilje de Costa Rica\"}]},{\"@type\":\"WebSite\",\"@id\":\"https:\/\/virtualnimuzej.aspira.hr\/#website\",\"url\":\"https:\/\/virtualnimuzej.aspira.hr\/\",\"name\":\"Aspira Virtualni Muzej iseljeni\u0161tva Dalmacije\",\"description\":\"Muzej iseljeni\u0161tva je zami\u0161ljen kao mjesto skupljanja i prezentacije gra\u0111e o hrvatskom iseljeni\u0161tvu i povijesti iseljavanja koja nikada nije bila dovoljno istra\u017eena.\",\"potentialAction\":[{\"@type\":\"SearchAction\",\"target\":{\"@type\":\"EntryPoint\",\"urlTemplate\":\"https:\/\/virtualnimuzej.aspira.hr\/?s={search_term_string}\"},\"query-input\":\"required name=search_term_string\"}],\"inLanguage\":\"es\"},{\"@type\":\"Person\",\"@id\":\"https:\/\/virtualnimuzej.aspira.hr\/#\/schema\/person\/8b28048370e78968988c04d6f1ba104d\",\"name\":\"VmuzejAspira\",\"image\":{\"@type\":\"ImageObject\",\"inLanguage\":\"es\",\"@id\":\"https:\/\/virtualnimuzej.aspira.hr\/#\/schema\/person\/image\/\",\"url\":\"https:\/\/secure.gravatar.com\/avatar\/cfa7124a34eec5233efffe1e8fb23c18bb83abdb6129e8f47c9144109613a228?s=96&d=mm&r=g\",\"contentUrl\":\"https:\/\/secure.gravatar.com\/avatar\/cfa7124a34eec5233efffe1e8fb23c18bb83abdb6129e8f47c9144109613a228?s=96&d=mm&r=g\",\"caption\":\"VmuzejAspira\"},\"sameAs\":[\"http:\/\/virtualnimuzej.aspira.hr\"],\"url\":\"https:\/\/virtualnimuzej.aspira.hr\/es\/author\/vmuzejaspira\/\"}]}<\/script>\n<!-- \/ Yoast SEO plugin. -->","yoast_head_json":{"title":"Historia de Luko Hilje de Costa Rica - Aspira Virtualni Muzej iseljeni\u0161tva Dalmacije","robots":{"index":"index","follow":"follow","max-snippet":"max-snippet:-1","max-image-preview":"max-image-preview:large","max-video-preview":"max-video-preview:-1"},"canonical":"https:\/\/virtualnimuzej.aspira.hr\/es\/historia-de-luko-hilje-de-costa-rica\/","og_locale":"es_ES","og_type":"article","og_title":"Historia de Luko Hilje de Costa Rica - Aspira Virtualni Muzej iseljeni\u0161tva Dalmacije","og_description":"De Ragusa a Ragusa- Luko Hilje- 2022","og_url":"https:\/\/virtualnimuzej.aspira.hr\/es\/historia-de-luko-hilje-de-costa-rica\/","og_site_name":"Aspira Virtualni Muzej iseljeni\u0161tva Dalmacije","article_published_time":"2022-12-09T16:53:06+00:00","og_image":[{"width":333,"height":200,"url":"https:\/\/virtualnimuzej.aspira.hr\/wp-content\/uploads\/2022\/12\/download-5-2.jpg","type":"image\/jpeg"}],"author":"VmuzejAspira","twitter_card":"summary_large_image","twitter_misc":{"Escrito por":"VmuzejAspira","Tiempo de lectura":"1 minuto"},"schema":{"@context":"https:\/\/schema.org","@graph":[{"@type":"WebPage","@id":"https:\/\/virtualnimuzej.aspira.hr\/es\/historia-de-luko-hilje-de-costa-rica\/","url":"https:\/\/virtualnimuzej.aspira.hr\/es\/historia-de-luko-hilje-de-costa-rica\/","name":"Historia de Luko Hilje de Costa Rica - Aspira Virtualni Muzej iseljeni\u0161tva Dalmacije","isPartOf":{"@id":"https:\/\/virtualnimuzej.aspira.hr\/#website"},"datePublished":"2022-12-09T16:53:06+00:00","dateModified":"2022-12-09T16:53:06+00:00","author":{"@id":"https:\/\/virtualnimuzej.aspira.hr\/#\/schema\/person\/8b28048370e78968988c04d6f1ba104d"},"breadcrumb":{"@id":"https:\/\/virtualnimuzej.aspira.hr\/es\/historia-de-luko-hilje-de-costa-rica\/#breadcrumb"},"inLanguage":"es","potentialAction":[{"@type":"ReadAction","target":["https:\/\/virtualnimuzej.aspira.hr\/es\/historia-de-luko-hilje-de-costa-rica\/"]}]},{"@type":"BreadcrumbList","@id":"https:\/\/virtualnimuzej.aspira.hr\/es\/historia-de-luko-hilje-de-costa-rica\/#breadcrumb","itemListElement":[{"@type":"ListItem","position":1,"name":"Naslovna","item":"https:\/\/virtualnimuzej.aspira.hr\/es\/"},{"@type":"ListItem","position":2,"name":"Historia de Luko Hilje de Costa Rica"}]},{"@type":"WebSite","@id":"https:\/\/virtualnimuzej.aspira.hr\/#website","url":"https:\/\/virtualnimuzej.aspira.hr\/","name":"Aspira Virtualni Muzej iseljeni\u0161tva Dalmacije","description":"Muzej iseljeni\u0161tva je zami\u0161ljen kao mjesto skupljanja i prezentacije gra\u0111e o hrvatskom iseljeni\u0161tvu i povijesti iseljavanja koja nikada nije bila dovoljno istra\u017eena.","potentialAction":[{"@type":"SearchAction","target":{"@type":"EntryPoint","urlTemplate":"https:\/\/virtualnimuzej.aspira.hr\/?s={search_term_string}"},"query-input":"required name=search_term_string"}],"inLanguage":"es"},{"@type":"Person","@id":"https:\/\/virtualnimuzej.aspira.hr\/#\/schema\/person\/8b28048370e78968988c04d6f1ba104d","name":"VmuzejAspira","image":{"@type":"ImageObject","inLanguage":"es","@id":"https:\/\/virtualnimuzej.aspira.hr\/#\/schema\/person\/image\/","url":"https:\/\/secure.gravatar.com\/avatar\/cfa7124a34eec5233efffe1e8fb23c18bb83abdb6129e8f47c9144109613a228?s=96&d=mm&r=g","contentUrl":"https:\/\/secure.gravatar.com\/avatar\/cfa7124a34eec5233efffe1e8fb23c18bb83abdb6129e8f47c9144109613a228?s=96&d=mm&r=g","caption":"VmuzejAspira"},"sameAs":["http:\/\/virtualnimuzej.aspira.hr"],"url":"https:\/\/virtualnimuzej.aspira.hr\/es\/author\/vmuzejaspira\/"}]}},"_links":{"self":[{"href":"https:\/\/virtualnimuzej.aspira.hr\/es\/wp-json\/wp\/v2\/posts\/8339","targetHints":{"allow":["GET"]}}],"collection":[{"href":"https:\/\/virtualnimuzej.aspira.hr\/es\/wp-json\/wp\/v2\/posts"}],"about":[{"href":"https:\/\/virtualnimuzej.aspira.hr\/es\/wp-json\/wp\/v2\/types\/post"}],"author":[{"embeddable":true,"href":"https:\/\/virtualnimuzej.aspira.hr\/es\/wp-json\/wp\/v2\/users\/1"}],"replies":[{"embeddable":true,"href":"https:\/\/virtualnimuzej.aspira.hr\/es\/wp-json\/wp\/v2\/comments?post=8339"}],"version-history":[{"count":1,"href":"https:\/\/virtualnimuzej.aspira.hr\/es\/wp-json\/wp\/v2\/posts\/8339\/revisions"}],"predecessor-version":[{"id":8346,"href":"https:\/\/virtualnimuzej.aspira.hr\/es\/wp-json\/wp\/v2\/posts\/8339\/revisions\/8346"}],"wp:featuredmedia":[{"embeddable":true,"href":"https:\/\/virtualnimuzej.aspira.hr\/es\/wp-json\/wp\/v2\/media\/8343"}],"wp:attachment":[{"href":"https:\/\/virtualnimuzej.aspira.hr\/es\/wp-json\/wp\/v2\/media?parent=8339"}],"wp:term":[{"taxonomy":"category","embeddable":true,"href":"https:\/\/virtualnimuzej.aspira.hr\/es\/wp-json\/wp\/v2\/categories?post=8339"},{"taxonomy":"post_tag","embeddable":true,"href":"https:\/\/virtualnimuzej.aspira.hr\/es\/wp-json\/wp\/v2\/tags?post=8339"}],"curies":[{"name":"wp","href":"https:\/\/api.w.org\/{rel}","templated":true}]}}