{"id":8368,"date":"2022-12-14T12:15:31","date_gmt":"2022-12-14T11:15:31","guid":{"rendered":"https:\/\/virtualnimuzej.aspira.hr\/?p=8368"},"modified":"2022-12-15T11:27:55","modified_gmt":"2022-12-15T10:27:55","slug":"san-pedro-ca-aspira-admitida-al-congreso-americano-croata","status":"publish","type":"post","link":"https:\/\/virtualnimuzej.aspira.hr\/es\/san-pedro-ca-aspira-admitida-al-congreso-americano-croata\/","title":{"rendered":"San Pedro, CA.: Aspira admitida al Congreso Americano Croata"},"content":{"rendered":"<p>&nbsp;<\/p>\n<p>&nbsp;<\/p>\n<p>\u201cLa misi\u00f3n del Congreso Estadounidense-Croata es conectar y cooperar con croatas y amigos de Croacia en los niveles cultural, educativo, deportivo, econ\u00f3mico y en todos los dem\u00e1s niveles, tanto en los EE. UU., como a nivel mundial. Reunimos a personas, asociaciones y entidades empresariales en varios continentes. En los EE. UU., como en otros pa\u00edses y continentes, todas nuestras organizaciones son igualmente importantes, ya sean de car\u00e1cter local, nacional o global&#8230; Todos socializamos entre nosotros, intercambiamos ideas, cooperamos y valoramos mucho nuestra uni\u00f3n.\u201d &#8211; dice la presidenta del Congreso NADA PRITISANAC MATULICH.<\/p>\n<p>Durante su visita a San Pedro en octubre de 2022, Branka Bezi\u0107 Filipovi\u0107 asumi\u00f3 la membres\u00eda de Aspira en el Congreso estadounidense-croata. Como primer paso de la cooperaci\u00f3n con Aspira, la Sra. Pritisanac organiz\u00f3 una reuni\u00f3n con Rita Dever, directora de la escuela secundaria Mary Star of the Sea, cuyos estudiantes fueron invitados a estudiar en Split en Aspira.<\/p>\n<p>&nbsp;<\/p>\n<p><img decoding=\"async\" class=\"alignnone size-medium wp-image-8372\" src=\"https:\/\/virtualnimuzej.aspira.hr\/wp-content\/uploads\/2022\/12\/20221109_093833-2-225x300.jpg\" alt=\"\" width=\"225\" height=\"300\" srcset=\"https:\/\/virtualnimuzej.aspira.hr\/wp-content\/uploads\/2022\/12\/20221109_093833-2-200x267.jpg 200w, https:\/\/virtualnimuzej.aspira.hr\/wp-content\/uploads\/2022\/12\/20221109_093833-2-225x300.jpg 225w, https:\/\/virtualnimuzej.aspira.hr\/wp-content\/uploads\/2022\/12\/20221109_093833-2-400x533.jpg 400w, https:\/\/virtualnimuzej.aspira.hr\/wp-content\/uploads\/2022\/12\/20221109_093833-2.jpg 600w\" sizes=\"(max-width: 225px) 100vw, 225px\" \/>\u00a0 \u00a0<img decoding=\"async\" class=\"alignnone size-medium wp-image-8375\" src=\"https:\/\/virtualnimuzej.aspira.hr\/wp-content\/uploads\/2022\/12\/IMG-20221109-WA0003-1-232x300.jpg\" alt=\"\" width=\"232\" height=\"300\" srcset=\"https:\/\/virtualnimuzej.aspira.hr\/wp-content\/uploads\/2022\/12\/IMG-20221109-WA0003-1-200x259.jpg 200w, https:\/\/virtualnimuzej.aspira.hr\/wp-content\/uploads\/2022\/12\/IMG-20221109-WA0003-1-232x300.jpg 232w, https:\/\/virtualnimuzej.aspira.hr\/wp-content\/uploads\/2022\/12\/IMG-20221109-WA0003-1-400x518.jpg 400w, https:\/\/virtualnimuzej.aspira.hr\/wp-content\/uploads\/2022\/12\/IMG-20221109-WA0003-1-600x777.jpg 600w, https:\/\/virtualnimuzej.aspira.hr\/wp-content\/uploads\/2022\/12\/IMG-20221109-WA0003-1.jpg 618w\" sizes=\"(max-width: 232px) 100vw, 232px\" \/>\u00a0 \u00a0<img decoding=\"async\" class=\"alignnone size-medium wp-image-8530\" src=\"https:\/\/virtualnimuzej.aspira.hr\/wp-content\/uploads\/2022\/12\/IMG-20221214-WA0011-1-225x300.jpg\" alt=\"\" width=\"225\" height=\"300\" srcset=\"https:\/\/virtualnimuzej.aspira.hr\/wp-content\/uploads\/2022\/12\/IMG-20221214-WA0011-1-200x267.jpg 200w, https:\/\/virtualnimuzej.aspira.hr\/wp-content\/uploads\/2022\/12\/IMG-20221214-WA0011-1-225x300.jpg 225w, https:\/\/virtualnimuzej.aspira.hr\/wp-content\/uploads\/2022\/12\/IMG-20221214-WA0011-1-400x533.jpg 400w, https:\/\/virtualnimuzej.aspira.hr\/wp-content\/uploads\/2022\/12\/IMG-20221214-WA0011-1.jpg 600w\" sizes=\"(max-width: 225px) 100vw, 225px\" \/><\/p>\n<p>Nada Pritisanac Matulich\u00a0 \u00a0 \u00a0 \u00a0 \u00a0 \u00a0 \u00a0 \u00a0 \u00a0 \u00a0 \u00a0 \u00a0 \u00a0 \u00a0 \u00a0 \u00a0 \u00a0 \u00a0 \u00a0 \u00a0 \u00a0 \u00a0 \u00a0 \u00a0 \u00a0 \u00a0 \u00a0 \u00a0 \u00a0 \u00a0 \u00a0 \u00a0 \u00a0 \u00a0 \u00a0 \u00a0 \u00a0 \u00a0 \u00a0 Alen Jerkunica decano<\/p>\n<p>&nbsp;<\/p>\n<p><img decoding=\"async\" class=\"alignnone wp-image-8378\" src=\"https:\/\/virtualnimuzej.aspira.hr\/wp-content\/uploads\/2022\/12\/MARY-STAR-of-the-Sea-660x330-2-300x219.jpg\" alt=\"\" width=\"367\" height=\"268\" srcset=\"https:\/\/virtualnimuzej.aspira.hr\/wp-content\/uploads\/2022\/12\/MARY-STAR-of-the-Sea-660x330-2-200x146.jpg 200w, https:\/\/virtualnimuzej.aspira.hr\/wp-content\/uploads\/2022\/12\/MARY-STAR-of-the-Sea-660x330-2-300x219.jpg 300w, https:\/\/virtualnimuzej.aspira.hr\/wp-content\/uploads\/2022\/12\/MARY-STAR-of-the-Sea-660x330-2-400x292.jpg 400w, https:\/\/virtualnimuzej.aspira.hr\/wp-content\/uploads\/2022\/12\/MARY-STAR-of-the-Sea-660x330-2-600x437.jpg 600w, https:\/\/virtualnimuzej.aspira.hr\/wp-content\/uploads\/2022\/12\/MARY-STAR-of-the-Sea-660x330-2-768x560.jpg 768w, https:\/\/virtualnimuzej.aspira.hr\/wp-content\/uploads\/2022\/12\/MARY-STAR-of-the-Sea-660x330-2.jpg 800w\" sizes=\"(max-width: 367px) 100vw, 367px\" \/><\/p>\n<p>En el centro de la izquierda: Rita Dever, Branka Bezi\u0107 Filipovi\u0107 and Nada Pritisanac Matulich<\/p>\n<p>&nbsp;<\/p>\n<p>Branka Bezi\u0107 Filipovi\u0107<\/p>\n","protected":false},"excerpt":{"rendered":"<p>&nbsp; &nbsp; \u201cLa misi\u00f3n del Congreso Estadounidense-Croata es conectar y cooperar con croatas y amigos de Croacia en los niveles cultural, educativo, deportivo, econ\u00f3mico y en todos los dem\u00e1s niveles, [&hellip;]<\/p>\n","protected":false},"author":1,"featured_media":8369,"comment_status":"open","ping_status":"open","sticky":false,"template":"","format":"standard","meta":{"footnotes":""},"categories":[87],"tags":[],"class_list":["post-8368","post","type-post","status-publish","format-standard","has-post-thumbnail","hentry","category-estados-unidos"],"yoast_head":"<!-- This site is optimized with the Yoast SEO plugin v20.7 - https:\/\/yoast.com\/wordpress\/plugins\/seo\/ -->\n<title>San Pedro, CA.: Aspira admitida al Congreso Americano Croata - Aspira Virtualni Muzej iseljeni\u0161tva Dalmacije<\/title>\n<meta name=\"robots\" content=\"index, follow, max-snippet:-1, max-image-preview:large, max-video-preview:-1\" \/>\n<link rel=\"canonical\" href=\"https:\/\/virtualnimuzej.aspira.hr\/es\/san-pedro-ca-aspira-admitida-al-congreso-americano-croata\/\" \/>\n<meta property=\"og:locale\" content=\"es_ES\" \/>\n<meta property=\"og:type\" content=\"article\" \/>\n<meta property=\"og:title\" content=\"San Pedro, CA.: Aspira admitida al Congreso Americano Croata - Aspira Virtualni Muzej iseljeni\u0161tva Dalmacije\" \/>\n<meta property=\"og:description\" content=\"&nbsp; &nbsp; \u201cLa misi\u00f3n del Congreso Estadounidense-Croata es conectar y cooperar con croatas y amigos de Croacia en los niveles cultural, educativo, deportivo, econ\u00f3mico y en todos los dem\u00e1s niveles, [&hellip;]\" \/>\n<meta property=\"og:url\" content=\"https:\/\/virtualnimuzej.aspira.hr\/es\/san-pedro-ca-aspira-admitida-al-congreso-americano-croata\/\" \/>\n<meta property=\"og:site_name\" content=\"Aspira Virtualni Muzej iseljeni\u0161tva Dalmacije\" \/>\n<meta property=\"article:published_time\" content=\"2022-12-14T11:15:31+00:00\" \/>\n<meta property=\"article:modified_time\" content=\"2022-12-15T10:27:55+00:00\" \/>\n<meta property=\"og:image\" content=\"https:\/\/virtualnimuzej.aspira.hr\/wp-content\/uploads\/2022\/12\/20221109_114309-1.jpg\" \/>\n\t<meta property=\"og:image:width\" content=\"800\" \/>\n\t<meta property=\"og:image:height\" content=\"345\" \/>\n\t<meta property=\"og:image:type\" content=\"image\/jpeg\" \/>\n<meta name=\"author\" content=\"VmuzejAspira\" \/>\n<meta name=\"twitter:card\" content=\"summary_large_image\" \/>\n<meta name=\"twitter:label1\" content=\"Escrito por\" \/>\n\t<meta name=\"twitter:data1\" content=\"VmuzejAspira\" \/>\n\t<meta name=\"twitter:label2\" content=\"Tiempo de lectura\" \/>\n\t<meta name=\"twitter:data2\" content=\"2 minutos\" \/>\n<script type=\"application\/ld+json\" class=\"yoast-schema-graph\">{\"@context\":\"https:\/\/schema.org\",\"@graph\":[{\"@type\":\"WebPage\",\"@id\":\"https:\/\/virtualnimuzej.aspira.hr\/es\/san-pedro-ca-aspira-admitida-al-congreso-americano-croata\/\",\"url\":\"https:\/\/virtualnimuzej.aspira.hr\/es\/san-pedro-ca-aspira-admitida-al-congreso-americano-croata\/\",\"name\":\"San Pedro, CA.: Aspira admitida al Congreso Americano Croata - Aspira Virtualni Muzej iseljeni\u0161tva Dalmacije\",\"isPartOf\":{\"@id\":\"https:\/\/virtualnimuzej.aspira.hr\/#website\"},\"datePublished\":\"2022-12-14T11:15:31+00:00\",\"dateModified\":\"2022-12-15T10:27:55+00:00\",\"author\":{\"@id\":\"https:\/\/virtualnimuzej.aspira.hr\/#\/schema\/person\/8b28048370e78968988c04d6f1ba104d\"},\"breadcrumb\":{\"@id\":\"https:\/\/virtualnimuzej.aspira.hr\/es\/san-pedro-ca-aspira-admitida-al-congreso-americano-croata\/#breadcrumb\"},\"inLanguage\":\"es\",\"potentialAction\":[{\"@type\":\"ReadAction\",\"target\":[\"https:\/\/virtualnimuzej.aspira.hr\/es\/san-pedro-ca-aspira-admitida-al-congreso-americano-croata\/\"]}]},{\"@type\":\"BreadcrumbList\",\"@id\":\"https:\/\/virtualnimuzej.aspira.hr\/es\/san-pedro-ca-aspira-admitida-al-congreso-americano-croata\/#breadcrumb\",\"itemListElement\":[{\"@type\":\"ListItem\",\"position\":1,\"name\":\"Naslovna\",\"item\":\"https:\/\/virtualnimuzej.aspira.hr\/es\/\"},{\"@type\":\"ListItem\",\"position\":2,\"name\":\"San Pedro, CA.: Aspira admitida al Congreso Americano Croata\"}]},{\"@type\":\"WebSite\",\"@id\":\"https:\/\/virtualnimuzej.aspira.hr\/#website\",\"url\":\"https:\/\/virtualnimuzej.aspira.hr\/\",\"name\":\"Aspira Virtualni Muzej iseljeni\u0161tva Dalmacije\",\"description\":\"Muzej iseljeni\u0161tva je zami\u0161ljen kao mjesto skupljanja i prezentacije gra\u0111e o hrvatskom iseljeni\u0161tvu i povijesti iseljavanja koja nikada nije bila dovoljno istra\u017eena.\",\"potentialAction\":[{\"@type\":\"SearchAction\",\"target\":{\"@type\":\"EntryPoint\",\"urlTemplate\":\"https:\/\/virtualnimuzej.aspira.hr\/?s={search_term_string}\"},\"query-input\":\"required name=search_term_string\"}],\"inLanguage\":\"es\"},{\"@type\":\"Person\",\"@id\":\"https:\/\/virtualnimuzej.aspira.hr\/#\/schema\/person\/8b28048370e78968988c04d6f1ba104d\",\"name\":\"VmuzejAspira\",\"image\":{\"@type\":\"ImageObject\",\"inLanguage\":\"es\",\"@id\":\"https:\/\/virtualnimuzej.aspira.hr\/#\/schema\/person\/image\/\",\"url\":\"https:\/\/secure.gravatar.com\/avatar\/cfa7124a34eec5233efffe1e8fb23c18bb83abdb6129e8f47c9144109613a228?s=96&d=mm&r=g\",\"contentUrl\":\"https:\/\/secure.gravatar.com\/avatar\/cfa7124a34eec5233efffe1e8fb23c18bb83abdb6129e8f47c9144109613a228?s=96&d=mm&r=g\",\"caption\":\"VmuzejAspira\"},\"sameAs\":[\"http:\/\/virtualnimuzej.aspira.hr\"],\"url\":\"https:\/\/virtualnimuzej.aspira.hr\/es\/author\/vmuzejaspira\/\"}]}<\/script>\n<!-- \/ Yoast SEO plugin. -->","yoast_head_json":{"title":"San Pedro, CA.: Aspira admitida al Congreso Americano Croata - Aspira Virtualni Muzej iseljeni\u0161tva Dalmacije","robots":{"index":"index","follow":"follow","max-snippet":"max-snippet:-1","max-image-preview":"max-image-preview:large","max-video-preview":"max-video-preview:-1"},"canonical":"https:\/\/virtualnimuzej.aspira.hr\/es\/san-pedro-ca-aspira-admitida-al-congreso-americano-croata\/","og_locale":"es_ES","og_type":"article","og_title":"San Pedro, CA.: Aspira admitida al Congreso Americano Croata - Aspira Virtualni Muzej iseljeni\u0161tva Dalmacije","og_description":"&nbsp; &nbsp; \u201cLa misi\u00f3n del Congreso Estadounidense-Croata es conectar y cooperar con croatas y amigos de Croacia en los niveles cultural, educativo, deportivo, econ\u00f3mico y en todos los dem\u00e1s niveles, [&hellip;]","og_url":"https:\/\/virtualnimuzej.aspira.hr\/es\/san-pedro-ca-aspira-admitida-al-congreso-americano-croata\/","og_site_name":"Aspira Virtualni Muzej iseljeni\u0161tva Dalmacije","article_published_time":"2022-12-14T11:15:31+00:00","article_modified_time":"2022-12-15T10:27:55+00:00","og_image":[{"width":800,"height":345,"url":"https:\/\/virtualnimuzej.aspira.hr\/wp-content\/uploads\/2022\/12\/20221109_114309-1.jpg","type":"image\/jpeg"}],"author":"VmuzejAspira","twitter_card":"summary_large_image","twitter_misc":{"Escrito por":"VmuzejAspira","Tiempo de lectura":"2 minutos"},"schema":{"@context":"https:\/\/schema.org","@graph":[{"@type":"WebPage","@id":"https:\/\/virtualnimuzej.aspira.hr\/es\/san-pedro-ca-aspira-admitida-al-congreso-americano-croata\/","url":"https:\/\/virtualnimuzej.aspira.hr\/es\/san-pedro-ca-aspira-admitida-al-congreso-americano-croata\/","name":"San Pedro, CA.: Aspira admitida al Congreso Americano Croata - Aspira Virtualni Muzej iseljeni\u0161tva Dalmacije","isPartOf":{"@id":"https:\/\/virtualnimuzej.aspira.hr\/#website"},"datePublished":"2022-12-14T11:15:31+00:00","dateModified":"2022-12-15T10:27:55+00:00","author":{"@id":"https:\/\/virtualnimuzej.aspira.hr\/#\/schema\/person\/8b28048370e78968988c04d6f1ba104d"},"breadcrumb":{"@id":"https:\/\/virtualnimuzej.aspira.hr\/es\/san-pedro-ca-aspira-admitida-al-congreso-americano-croata\/#breadcrumb"},"inLanguage":"es","potentialAction":[{"@type":"ReadAction","target":["https:\/\/virtualnimuzej.aspira.hr\/es\/san-pedro-ca-aspira-admitida-al-congreso-americano-croata\/"]}]},{"@type":"BreadcrumbList","@id":"https:\/\/virtualnimuzej.aspira.hr\/es\/san-pedro-ca-aspira-admitida-al-congreso-americano-croata\/#breadcrumb","itemListElement":[{"@type":"ListItem","position":1,"name":"Naslovna","item":"https:\/\/virtualnimuzej.aspira.hr\/es\/"},{"@type":"ListItem","position":2,"name":"San Pedro, CA.: Aspira admitida al Congreso Americano Croata"}]},{"@type":"WebSite","@id":"https:\/\/virtualnimuzej.aspira.hr\/#website","url":"https:\/\/virtualnimuzej.aspira.hr\/","name":"Aspira Virtualni Muzej iseljeni\u0161tva Dalmacije","description":"Muzej iseljeni\u0161tva je zami\u0161ljen kao mjesto skupljanja i prezentacije gra\u0111e o hrvatskom iseljeni\u0161tvu i povijesti iseljavanja koja nikada nije bila dovoljno istra\u017eena.","potentialAction":[{"@type":"SearchAction","target":{"@type":"EntryPoint","urlTemplate":"https:\/\/virtualnimuzej.aspira.hr\/?s={search_term_string}"},"query-input":"required name=search_term_string"}],"inLanguage":"es"},{"@type":"Person","@id":"https:\/\/virtualnimuzej.aspira.hr\/#\/schema\/person\/8b28048370e78968988c04d6f1ba104d","name":"VmuzejAspira","image":{"@type":"ImageObject","inLanguage":"es","@id":"https:\/\/virtualnimuzej.aspira.hr\/#\/schema\/person\/image\/","url":"https:\/\/secure.gravatar.com\/avatar\/cfa7124a34eec5233efffe1e8fb23c18bb83abdb6129e8f47c9144109613a228?s=96&d=mm&r=g","contentUrl":"https:\/\/secure.gravatar.com\/avatar\/cfa7124a34eec5233efffe1e8fb23c18bb83abdb6129e8f47c9144109613a228?s=96&d=mm&r=g","caption":"VmuzejAspira"},"sameAs":["http:\/\/virtualnimuzej.aspira.hr"],"url":"https:\/\/virtualnimuzej.aspira.hr\/es\/author\/vmuzejaspira\/"}]}},"_links":{"self":[{"href":"https:\/\/virtualnimuzej.aspira.hr\/es\/wp-json\/wp\/v2\/posts\/8368","targetHints":{"allow":["GET"]}}],"collection":[{"href":"https:\/\/virtualnimuzej.aspira.hr\/es\/wp-json\/wp\/v2\/posts"}],"about":[{"href":"https:\/\/virtualnimuzej.aspira.hr\/es\/wp-json\/wp\/v2\/types\/post"}],"author":[{"embeddable":true,"href":"https:\/\/virtualnimuzej.aspira.hr\/es\/wp-json\/wp\/v2\/users\/1"}],"replies":[{"embeddable":true,"href":"https:\/\/virtualnimuzej.aspira.hr\/es\/wp-json\/wp\/v2\/comments?post=8368"}],"version-history":[{"count":3,"href":"https:\/\/virtualnimuzej.aspira.hr\/es\/wp-json\/wp\/v2\/posts\/8368\/revisions"}],"predecessor-version":[{"id":8533,"href":"https:\/\/virtualnimuzej.aspira.hr\/es\/wp-json\/wp\/v2\/posts\/8368\/revisions\/8533"}],"wp:featuredmedia":[{"embeddable":true,"href":"https:\/\/virtualnimuzej.aspira.hr\/es\/wp-json\/wp\/v2\/media\/8369"}],"wp:attachment":[{"href":"https:\/\/virtualnimuzej.aspira.hr\/es\/wp-json\/wp\/v2\/media?parent=8368"}],"wp:term":[{"taxonomy":"category","embeddable":true,"href":"https:\/\/virtualnimuzej.aspira.hr\/es\/wp-json\/wp\/v2\/categories?post=8368"},{"taxonomy":"post_tag","embeddable":true,"href":"https:\/\/virtualnimuzej.aspira.hr\/es\/wp-json\/wp\/v2\/tags?post=8368"}],"curies":[{"name":"wp","href":"https:\/\/api.w.org\/{rel}","templated":true}]}}