{"id":8422,"date":"2022-12-14T15:47:44","date_gmt":"2022-12-14T14:47:44","guid":{"rendered":"https:\/\/virtualnimuzej.aspira.hr\/?p=8422"},"modified":"2022-12-14T15:48:02","modified_gmt":"2022-12-14T14:48:02","slug":"joza-vrljicak","status":"publish","type":"post","link":"https:\/\/virtualnimuzej.aspira.hr\/es\/joza-vrljicak\/","title":{"rendered":"Magistar Joza Vrljicak"},"content":{"rendered":"<p>&nbsp;<\/p>\n<p><img decoding=\"async\" class=\"size-medium wp-image-8423 aligncenter\" src=\"https:\/\/virtualnimuzej.aspira.hr\/wp-content\/uploads\/2022\/12\/20221205_105102-225x300.jpg\" alt=\"\" width=\"225\" height=\"300\" srcset=\"https:\/\/virtualnimuzej.aspira.hr\/wp-content\/uploads\/2022\/12\/20221205_105102-200x267.jpg 200w, https:\/\/virtualnimuzej.aspira.hr\/wp-content\/uploads\/2022\/12\/20221205_105102-225x300.jpg 225w, https:\/\/virtualnimuzej.aspira.hr\/wp-content\/uploads\/2022\/12\/20221205_105102-400x533.jpg 400w, https:\/\/virtualnimuzej.aspira.hr\/wp-content\/uploads\/2022\/12\/20221205_105102.jpg 600w\" sizes=\"(max-width: 225px) 100vw, 225px\" \/><\/p>\n<p>&nbsp;<\/p>\n<p>&nbsp;<\/p>\n<p>Joza Vrljicak naci\u00f3 en Buenos Aires en 1947.<\/p>\n<p>Luego de graduarse, estudi\u00f3 idiomas y econom\u00eda en Argentina y en Canad\u00e1, donde obtuvo una maestr\u00eda y trabaj\u00f3 como economista.<\/p>\n<p>Luego de regresar a Argentina, se desempe\u00f1\u00f3 en la profesi\u00f3n como cient\u00edfico de IT, cuando cre\u00f3 varios modelos y grandes bases de datos.<\/p>\n<p>Desde 1995 hasta la actualidad, es el editor en jefe de la revista \u201cStudia Croatica\u201d, y desde 2015 est\u00e1 al frente del consejo editorial junto con Adriana Smaji\u0107.<\/p>\n<p>En dos ocasiones, fue vicepresidente del Comit\u00e9 intersocial de asociaciones e instituciones croatas en Argentina.<\/p>\n<p>Fue elegido como miembro del Consejo de Gobierno para los croatas fuera de la Rep\u00fablica de Croacia, por la comunidad croata en Argentina, cargo que ocup\u00f3 hasta 2017.<\/p>\n<p>Como editor, publica \u201cStudia Croatica\u201d en forma impresa, a trav\u00e9s de Internet y varios otros medios electr\u00f3nicos. Desde hace dos a\u00f1os, trabaja en la digitalizaci\u00f3n del patrimonio escrito, material de archivo e hist\u00f3rico de los croatas en Argentina con el apoyo de la Oficina Central del Estado para los croatas fuera de la Rep\u00fablica de Croacia.<\/p>\n<p>Hay un total de m\u00e1s de 50.000 p\u00e1ginas en el sitio web de la revista, que representa uno de los sitios de Internet m\u00e1s grandes de la emigracion croata.<\/p>\n<p>&nbsp;<\/p>\n","protected":false},"excerpt":{"rendered":"<p>&nbsp; &nbsp; &nbsp; Joza Vrljicak naci\u00f3 en Buenos Aires en 1947. Luego de graduarse, estudi\u00f3 idiomas y econom\u00eda en Argentina y en Canad\u00e1, donde obtuvo una maestr\u00eda y trabaj\u00f3 como [&hellip;]<\/p>\n","protected":false},"author":1,"featured_media":8426,"comment_status":"open","ping_status":"open","sticky":false,"template":"","format":"standard","meta":{"footnotes":""},"categories":[75],"tags":[],"class_list":["post-8422","post","type-post","status-publish","format-standard","has-post-thumbnail","hentry","category-argentina-es"],"yoast_head":"<!-- This site is optimized with the Yoast SEO plugin v20.7 - https:\/\/yoast.com\/wordpress\/plugins\/seo\/ -->\n<title>Magistar Joza Vrljicak - Aspira Virtualni Muzej iseljeni\u0161tva Dalmacije<\/title>\n<meta name=\"robots\" content=\"index, follow, max-snippet:-1, max-image-preview:large, max-video-preview:-1\" \/>\n<link rel=\"canonical\" href=\"https:\/\/virtualnimuzej.aspira.hr\/es\/joza-vrljicak\/\" \/>\n<meta property=\"og:locale\" content=\"es_ES\" \/>\n<meta property=\"og:type\" content=\"article\" \/>\n<meta property=\"og:title\" content=\"Magistar Joza Vrljicak - Aspira Virtualni Muzej iseljeni\u0161tva Dalmacije\" \/>\n<meta property=\"og:description\" content=\"&nbsp; &nbsp; &nbsp; Joza Vrljicak naci\u00f3 en Buenos Aires en 1947. Luego de graduarse, estudi\u00f3 idiomas y econom\u00eda en Argentina y en Canad\u00e1, donde obtuvo una maestr\u00eda y trabaj\u00f3 como [&hellip;]\" \/>\n<meta property=\"og:url\" content=\"https:\/\/virtualnimuzej.aspira.hr\/es\/joza-vrljicak\/\" \/>\n<meta property=\"og:site_name\" content=\"Aspira Virtualni Muzej iseljeni\u0161tva Dalmacije\" \/>\n<meta property=\"article:published_time\" content=\"2022-12-14T14:47:44+00:00\" \/>\n<meta property=\"article:modified_time\" content=\"2022-12-14T14:48:02+00:00\" \/>\n<meta property=\"og:image\" content=\"https:\/\/virtualnimuzej.aspira.hr\/wp-content\/uploads\/2022\/12\/image.jpg\" \/>\n\t<meta property=\"og:image:width\" content=\"800\" \/>\n\t<meta property=\"og:image:height\" content=\"534\" \/>\n\t<meta property=\"og:image:type\" content=\"image\/jpeg\" \/>\n<meta name=\"author\" content=\"VmuzejAspira\" \/>\n<meta name=\"twitter:card\" content=\"summary_large_image\" \/>\n<meta name=\"twitter:label1\" content=\"Escrito por\" \/>\n\t<meta name=\"twitter:data1\" content=\"VmuzejAspira\" \/>\n\t<meta name=\"twitter:label2\" content=\"Tiempo de lectura\" \/>\n\t<meta name=\"twitter:data2\" content=\"2 minutos\" \/>\n<script type=\"application\/ld+json\" class=\"yoast-schema-graph\">{\"@context\":\"https:\/\/schema.org\",\"@graph\":[{\"@type\":\"WebPage\",\"@id\":\"https:\/\/virtualnimuzej.aspira.hr\/es\/joza-vrljicak\/\",\"url\":\"https:\/\/virtualnimuzej.aspira.hr\/es\/joza-vrljicak\/\",\"name\":\"Magistar Joza Vrljicak - Aspira Virtualni Muzej iseljeni\u0161tva Dalmacije\",\"isPartOf\":{\"@id\":\"https:\/\/virtualnimuzej.aspira.hr\/#website\"},\"datePublished\":\"2022-12-14T14:47:44+00:00\",\"dateModified\":\"2022-12-14T14:48:02+00:00\",\"author\":{\"@id\":\"https:\/\/virtualnimuzej.aspira.hr\/#\/schema\/person\/8b28048370e78968988c04d6f1ba104d\"},\"breadcrumb\":{\"@id\":\"https:\/\/virtualnimuzej.aspira.hr\/es\/joza-vrljicak\/#breadcrumb\"},\"inLanguage\":\"es\",\"potentialAction\":[{\"@type\":\"ReadAction\",\"target\":[\"https:\/\/virtualnimuzej.aspira.hr\/es\/joza-vrljicak\/\"]}]},{\"@type\":\"BreadcrumbList\",\"@id\":\"https:\/\/virtualnimuzej.aspira.hr\/es\/joza-vrljicak\/#breadcrumb\",\"itemListElement\":[{\"@type\":\"ListItem\",\"position\":1,\"name\":\"Naslovna\",\"item\":\"https:\/\/virtualnimuzej.aspira.hr\/es\/\"},{\"@type\":\"ListItem\",\"position\":2,\"name\":\"Magistar Joza Vrljicak\"}]},{\"@type\":\"WebSite\",\"@id\":\"https:\/\/virtualnimuzej.aspira.hr\/#website\",\"url\":\"https:\/\/virtualnimuzej.aspira.hr\/\",\"name\":\"Aspira Virtualni Muzej iseljeni\u0161tva Dalmacije\",\"description\":\"Muzej iseljeni\u0161tva je zami\u0161ljen kao mjesto skupljanja i prezentacije gra\u0111e o hrvatskom iseljeni\u0161tvu i povijesti iseljavanja koja nikada nije bila dovoljno istra\u017eena.\",\"potentialAction\":[{\"@type\":\"SearchAction\",\"target\":{\"@type\":\"EntryPoint\",\"urlTemplate\":\"https:\/\/virtualnimuzej.aspira.hr\/?s={search_term_string}\"},\"query-input\":\"required name=search_term_string\"}],\"inLanguage\":\"es\"},{\"@type\":\"Person\",\"@id\":\"https:\/\/virtualnimuzej.aspira.hr\/#\/schema\/person\/8b28048370e78968988c04d6f1ba104d\",\"name\":\"VmuzejAspira\",\"image\":{\"@type\":\"ImageObject\",\"inLanguage\":\"es\",\"@id\":\"https:\/\/virtualnimuzej.aspira.hr\/#\/schema\/person\/image\/\",\"url\":\"https:\/\/secure.gravatar.com\/avatar\/cfa7124a34eec5233efffe1e8fb23c18bb83abdb6129e8f47c9144109613a228?s=96&d=mm&r=g\",\"contentUrl\":\"https:\/\/secure.gravatar.com\/avatar\/cfa7124a34eec5233efffe1e8fb23c18bb83abdb6129e8f47c9144109613a228?s=96&d=mm&r=g\",\"caption\":\"VmuzejAspira\"},\"sameAs\":[\"http:\/\/virtualnimuzej.aspira.hr\"],\"url\":\"https:\/\/virtualnimuzej.aspira.hr\/es\/author\/vmuzejaspira\/\"}]}<\/script>\n<!-- \/ Yoast SEO plugin. -->","yoast_head_json":{"title":"Magistar Joza Vrljicak - Aspira Virtualni Muzej iseljeni\u0161tva Dalmacije","robots":{"index":"index","follow":"follow","max-snippet":"max-snippet:-1","max-image-preview":"max-image-preview:large","max-video-preview":"max-video-preview:-1"},"canonical":"https:\/\/virtualnimuzej.aspira.hr\/es\/joza-vrljicak\/","og_locale":"es_ES","og_type":"article","og_title":"Magistar Joza Vrljicak - Aspira Virtualni Muzej iseljeni\u0161tva Dalmacije","og_description":"&nbsp; &nbsp; &nbsp; Joza Vrljicak naci\u00f3 en Buenos Aires en 1947. Luego de graduarse, estudi\u00f3 idiomas y econom\u00eda en Argentina y en Canad\u00e1, donde obtuvo una maestr\u00eda y trabaj\u00f3 como [&hellip;]","og_url":"https:\/\/virtualnimuzej.aspira.hr\/es\/joza-vrljicak\/","og_site_name":"Aspira Virtualni Muzej iseljeni\u0161tva Dalmacije","article_published_time":"2022-12-14T14:47:44+00:00","article_modified_time":"2022-12-14T14:48:02+00:00","og_image":[{"width":800,"height":534,"url":"https:\/\/virtualnimuzej.aspira.hr\/wp-content\/uploads\/2022\/12\/image.jpg","type":"image\/jpeg"}],"author":"VmuzejAspira","twitter_card":"summary_large_image","twitter_misc":{"Escrito por":"VmuzejAspira","Tiempo de lectura":"2 minutos"},"schema":{"@context":"https:\/\/schema.org","@graph":[{"@type":"WebPage","@id":"https:\/\/virtualnimuzej.aspira.hr\/es\/joza-vrljicak\/","url":"https:\/\/virtualnimuzej.aspira.hr\/es\/joza-vrljicak\/","name":"Magistar Joza Vrljicak - Aspira Virtualni Muzej iseljeni\u0161tva Dalmacije","isPartOf":{"@id":"https:\/\/virtualnimuzej.aspira.hr\/#website"},"datePublished":"2022-12-14T14:47:44+00:00","dateModified":"2022-12-14T14:48:02+00:00","author":{"@id":"https:\/\/virtualnimuzej.aspira.hr\/#\/schema\/person\/8b28048370e78968988c04d6f1ba104d"},"breadcrumb":{"@id":"https:\/\/virtualnimuzej.aspira.hr\/es\/joza-vrljicak\/#breadcrumb"},"inLanguage":"es","potentialAction":[{"@type":"ReadAction","target":["https:\/\/virtualnimuzej.aspira.hr\/es\/joza-vrljicak\/"]}]},{"@type":"BreadcrumbList","@id":"https:\/\/virtualnimuzej.aspira.hr\/es\/joza-vrljicak\/#breadcrumb","itemListElement":[{"@type":"ListItem","position":1,"name":"Naslovna","item":"https:\/\/virtualnimuzej.aspira.hr\/es\/"},{"@type":"ListItem","position":2,"name":"Magistar Joza Vrljicak"}]},{"@type":"WebSite","@id":"https:\/\/virtualnimuzej.aspira.hr\/#website","url":"https:\/\/virtualnimuzej.aspira.hr\/","name":"Aspira Virtualni Muzej iseljeni\u0161tva Dalmacije","description":"Muzej iseljeni\u0161tva je zami\u0161ljen kao mjesto skupljanja i prezentacije gra\u0111e o hrvatskom iseljeni\u0161tvu i povijesti iseljavanja koja nikada nije bila dovoljno istra\u017eena.","potentialAction":[{"@type":"SearchAction","target":{"@type":"EntryPoint","urlTemplate":"https:\/\/virtualnimuzej.aspira.hr\/?s={search_term_string}"},"query-input":"required name=search_term_string"}],"inLanguage":"es"},{"@type":"Person","@id":"https:\/\/virtualnimuzej.aspira.hr\/#\/schema\/person\/8b28048370e78968988c04d6f1ba104d","name":"VmuzejAspira","image":{"@type":"ImageObject","inLanguage":"es","@id":"https:\/\/virtualnimuzej.aspira.hr\/#\/schema\/person\/image\/","url":"https:\/\/secure.gravatar.com\/avatar\/cfa7124a34eec5233efffe1e8fb23c18bb83abdb6129e8f47c9144109613a228?s=96&d=mm&r=g","contentUrl":"https:\/\/secure.gravatar.com\/avatar\/cfa7124a34eec5233efffe1e8fb23c18bb83abdb6129e8f47c9144109613a228?s=96&d=mm&r=g","caption":"VmuzejAspira"},"sameAs":["http:\/\/virtualnimuzej.aspira.hr"],"url":"https:\/\/virtualnimuzej.aspira.hr\/es\/author\/vmuzejaspira\/"}]}},"_links":{"self":[{"href":"https:\/\/virtualnimuzej.aspira.hr\/es\/wp-json\/wp\/v2\/posts\/8422","targetHints":{"allow":["GET"]}}],"collection":[{"href":"https:\/\/virtualnimuzej.aspira.hr\/es\/wp-json\/wp\/v2\/posts"}],"about":[{"href":"https:\/\/virtualnimuzej.aspira.hr\/es\/wp-json\/wp\/v2\/types\/post"}],"author":[{"embeddable":true,"href":"https:\/\/virtualnimuzej.aspira.hr\/es\/wp-json\/wp\/v2\/users\/1"}],"replies":[{"embeddable":true,"href":"https:\/\/virtualnimuzej.aspira.hr\/es\/wp-json\/wp\/v2\/comments?post=8422"}],"version-history":[{"count":2,"href":"https:\/\/virtualnimuzej.aspira.hr\/es\/wp-json\/wp\/v2\/posts\/8422\/revisions"}],"predecessor-version":[{"id":8430,"href":"https:\/\/virtualnimuzej.aspira.hr\/es\/wp-json\/wp\/v2\/posts\/8422\/revisions\/8430"}],"wp:featuredmedia":[{"embeddable":true,"href":"https:\/\/virtualnimuzej.aspira.hr\/es\/wp-json\/wp\/v2\/media\/8426"}],"wp:attachment":[{"href":"https:\/\/virtualnimuzej.aspira.hr\/es\/wp-json\/wp\/v2\/media?parent=8422"}],"wp:term":[{"taxonomy":"category","embeddable":true,"href":"https:\/\/virtualnimuzej.aspira.hr\/es\/wp-json\/wp\/v2\/categories?post=8422"},{"taxonomy":"post_tag","embeddable":true,"href":"https:\/\/virtualnimuzej.aspira.hr\/es\/wp-json\/wp\/v2\/tags?post=8422"}],"curies":[{"name":"wp","href":"https:\/\/api.w.org\/{rel}","templated":true}]}}