{"id":8476,"date":"2022-12-14T19:18:21","date_gmt":"2022-12-14T18:18:21","guid":{"rendered":"https:\/\/virtualnimuzej.aspira.hr\/?p=8476"},"modified":"2022-12-14T19:18:21","modified_gmt":"2022-12-14T18:18:21","slug":"la-klapa-kartolina","status":"publish","type":"post","link":"https:\/\/virtualnimuzej.aspira.hr\/es\/la-klapa-kartolina\/","title":{"rendered":"La \u00abKlapa Kartolina\u00bb"},"content":{"rendered":"<p>&nbsp;<\/p>\n<p>\u201cKlapa Kartolina\u201d es una klapa (a capella cantadores) mixta de seis miembros, activa desde 2013, y est\u00e1 adscrita a la parroquia croata de St. Francisco de As\u00edsi en Windsor. El grupo est\u00e1 registrado desde 2015 como una asociaci\u00f3n federal sin fines de lucro en Canad\u00e1, y bajo sus auspicios hay dos grupos juveniles \u201cFritule\u201d, femenino y \u201cBerekin\u201d, masculino. La mayor\u00eda de las actuaciones y actividades de klapa tienen lugar en Canad\u00e1, pero tambi\u00e9n han actuado en Croacia, donde su mayor honor fue actuar en el \u201cFestival de klapa d\u00e1lmata Omi\u0161\u201d como invitado en el festival del 50 aniversario en 2016, y en la \u201cTarde de Klapas de Emigraci\u00f3n\u201d en 2019.<\/p>\n<p>Klapa organiza regularmente conciertos anuales, organiza giras y trae artistas invitados de otros pa\u00edses. Los siguientes grupos actuaron en los conciertos de \u201c Klapa Kartolina\u201d:<\/p>\n<p>&nbsp;<\/p>\n<p>2018 \u201cKlapa Krunik\u201d de Ku\u010dine, cerca de Solin<\/p>\n<p>2019 \u201cKlapa Maestral\u201d de Toronto<\/p>\n<p>2020 \u201cDue Dolci\u201d, d\u00fao instrumental con ra\u00edces croatas de Chicago<\/p>\n<p>2021 \u201cDarbazi\u201d, un conjunto vocal de Toronto que cultiva el canto tradicional georgiano a cappella<\/p>\n<p>2022 \u201cKlapa Ka\u0161e\u201d de Dubrovnik y grupo tambura \u201cKraljica Jelena\u201d, Kitchener<\/p>\n<p>&nbsp;<\/p>\n<p>La klapa cooper\u00f3 en sus actividades y proyectos con el \u201cFestival de klapas d\u00e1lmatas en Omi\u0161\u201d, Fundacion para la Emigracion croata, las misiones diplom\u00e1ticas de Croacia en Canad\u00e1 y Canad\u00e1 en Croacia, la Oficina de Turismo de Dubrovnik, y recibi\u00f3 varias subvenciones de la Oficina Central del Estado para Croatas fuera de la Rep\u00fablica de Croacia y el Consejo Canadiense para las Artes, por sus proyectos.<\/p>\n<p>\u201cKlapa Kartolina\u201d tambi\u00e9n participa en la publicaci\u00f3n de material impreso y publica un calendario anual que, junto con im\u00e1genes de actuaciones, publica letras de canciones del repertorio y traducciones al ingl\u00e9s. Los calendarios impresos recibieron altas calificaciones y elogios por su calidad y promoci\u00f3n innovadora del patrimonio nacional croata. Klapa Kartolina tiene su sitio web permanente en <strong>www.klapakartolina.com<\/strong>, donde puede encontrar toda la informaci\u00f3n y enlaces sobre ellos.<\/p>\n<p>&nbsp;<\/p>\n\n\t\t<style type=\"text\/css\">\n\t\t\t#gallery-1 {\n\t\t\t\tmargin: auto;\n\t\t\t}\n\t\t\t#gallery-1 .gallery-item {\n\t\t\t\tfloat: left;\n\t\t\t\tmargin-top: 10px;\n\t\t\t\ttext-align: center;\n\t\t\t\twidth: 33%;\n\t\t\t}\n\t\t\t#gallery-1 img {\n\t\t\t\tborder: 2px solid #cfcfcf;\n\t\t\t}\n\t\t\t#gallery-1 .gallery-caption {\n\t\t\t\tmargin-left: 0;\n\t\t\t}\n\t\t\t\/* see gallery_shortcode() in wp-includes\/media.php *\/\n\t\t<\/style>\n\t\t<div id='gallery-1' class='gallery galleryid-8476 gallery-columns-3 gallery-size-thumbnail'><dl class='gallery-item'>\n\t\t\t<dt class='gallery-icon landscape'>\n\t\t\t\t<a data-rel=\"iLightbox[postimages]\" data-title=\"101 Kartolina Poster &#8211; 150 dpi\" data-caption=\"\" href='https:\/\/virtualnimuzej.aspira.hr\/es\/la-klapa-kartolina\/101-kartolina-poster-150-dpi\/'><img decoding=\"async\" width=\"150\" height=\"150\" src=\"https:\/\/virtualnimuzej.aspira.hr\/wp-content\/uploads\/2022\/12\/101-Kartolina-Poster-150-dpi-150x150.jpg\" class=\"attachment-thumbnail size-thumbnail\" alt=\"\" srcset=\"https:\/\/virtualnimuzej.aspira.hr\/wp-content\/uploads\/2022\/12\/101-Kartolina-Poster-150-dpi-66x66.jpg 66w, https:\/\/virtualnimuzej.aspira.hr\/wp-content\/uploads\/2022\/12\/101-Kartolina-Poster-150-dpi-150x150.jpg 150w\" sizes=\"(max-width: 150px) 100vw, 150px\" \/><\/a>\n\t\t\t<\/dt><\/dl><dl class='gallery-item'>\n\t\t\t<dt class='gallery-icon landscape'>\n\t\t\t\t<a data-rel=\"iLightbox[postimages]\" data-title=\"201 Klapa Kartolina Omi\u0161 2019\" data-caption=\"\" href='https:\/\/virtualnimuzej.aspira.hr\/es\/la-klapa-kartolina\/201-klapa-kartolina-omis-2019\/'><img decoding=\"async\" width=\"150\" height=\"150\" src=\"https:\/\/virtualnimuzej.aspira.hr\/wp-content\/uploads\/2022\/12\/201-Klapa-Kartolina-Omis-2019-150x150.jpg\" class=\"attachment-thumbnail size-thumbnail\" alt=\"\" srcset=\"https:\/\/virtualnimuzej.aspira.hr\/wp-content\/uploads\/2022\/12\/201-Klapa-Kartolina-Omis-2019-66x66.jpg 66w, https:\/\/virtualnimuzej.aspira.hr\/wp-content\/uploads\/2022\/12\/201-Klapa-Kartolina-Omis-2019-150x150.jpg 150w\" sizes=\"(max-width: 150px) 100vw, 150px\" \/><\/a>\n\t\t\t<\/dt><\/dl><dl class='gallery-item'>\n\t\t\t<dt class='gallery-icon landscape'>\n\t\t\t\t<a data-rel=\"iLightbox[postimages]\" data-title=\"202 Klapa Fritule Omi\u0161 2019\" data-caption=\"Klapa Fritule Omi\u0161 2019\" href='https:\/\/virtualnimuzej.aspira.hr\/es\/la-klapa-kartolina\/202-klapa-fritule-omis-2019\/'><img decoding=\"async\" width=\"150\" height=\"150\" src=\"https:\/\/virtualnimuzej.aspira.hr\/wp-content\/uploads\/2022\/12\/202-Klapa-Fritule-Omis-2019-150x150.jpg\" class=\"attachment-thumbnail size-thumbnail\" alt=\"\" aria-describedby=\"gallery-1-8486\" srcset=\"https:\/\/virtualnimuzej.aspira.hr\/wp-content\/uploads\/2022\/12\/202-Klapa-Fritule-Omis-2019-66x66.jpg 66w, https:\/\/virtualnimuzej.aspira.hr\/wp-content\/uploads\/2022\/12\/202-Klapa-Fritule-Omis-2019-150x150.jpg 150w\" sizes=\"(max-width: 150px) 100vw, 150px\" \/><\/a>\n\t\t\t<\/dt>\n\t\t\t\t<dd class='wp-caption-text gallery-caption' id='gallery-1-8486'>\n\t\t\t\tKlapa Fritule Omi\u0161 2019\n\t\t\t\t<\/dd><\/dl><br style=\"clear: both\" \/><dl class='gallery-item'>\n\t\t\t<dt class='gallery-icon landscape'>\n\t\t\t\t<a data-rel=\"iLightbox[postimages]\" data-title=\"203 Klapa Kartolina Windsor 2022\" data-caption=\"\" href='https:\/\/virtualnimuzej.aspira.hr\/es\/la-klapa-kartolina\/203-klapa-kartolina-windsor-2022\/'><img decoding=\"async\" width=\"150\" height=\"150\" src=\"https:\/\/virtualnimuzej.aspira.hr\/wp-content\/uploads\/2022\/12\/203-Klapa-Kartolina-Windsor-2022-150x150.jpg\" class=\"attachment-thumbnail size-thumbnail\" alt=\"\" srcset=\"https:\/\/virtualnimuzej.aspira.hr\/wp-content\/uploads\/2022\/12\/203-Klapa-Kartolina-Windsor-2022-66x66.jpg 66w, https:\/\/virtualnimuzej.aspira.hr\/wp-content\/uploads\/2022\/12\/203-Klapa-Kartolina-Windsor-2022-150x150.jpg 150w\" sizes=\"(max-width: 150px) 100vw, 150px\" \/><\/a>\n\t\t\t<\/dt><\/dl><dl class='gallery-item'>\n\t\t\t<dt class='gallery-icon landscape'>\n\t\t\t\t<a data-rel=\"iLightbox[postimages]\" data-title=\"204 Klapa Fritule Windsor 2022\" data-caption=\"Fritule, Wundsor, 2022\" href='https:\/\/virtualnimuzej.aspira.hr\/es\/la-klapa-kartolina\/204-klapa-fritule-windsor-2022\/'><img decoding=\"async\" width=\"150\" height=\"150\" src=\"https:\/\/virtualnimuzej.aspira.hr\/wp-content\/uploads\/2022\/12\/204-Klapa-Fritule-Windsor-2022-150x150.jpg\" class=\"attachment-thumbnail size-thumbnail\" alt=\"\" aria-describedby=\"gallery-1-8492\" srcset=\"https:\/\/virtualnimuzej.aspira.hr\/wp-content\/uploads\/2022\/12\/204-Klapa-Fritule-Windsor-2022-66x66.jpg 66w, https:\/\/virtualnimuzej.aspira.hr\/wp-content\/uploads\/2022\/12\/204-Klapa-Fritule-Windsor-2022-150x150.jpg 150w\" sizes=\"(max-width: 150px) 100vw, 150px\" \/><\/a>\n\t\t\t<\/dt>\n\t\t\t\t<dd class='wp-caption-text gallery-caption' id='gallery-1-8492'>\n\t\t\t\tFritule, Wundsor, 2022\n\t\t\t\t<\/dd><\/dl><dl class='gallery-item'>\n\t\t\t<dt class='gallery-icon landscape'>\n\t\t\t\t<a data-rel=\"iLightbox[postimages]\" data-title=\"205 Klapa Kartolina i Klapa Ka\u0161e Windsor 2022\" data-caption=\"\" href='https:\/\/virtualnimuzej.aspira.hr\/es\/la-klapa-kartolina\/205-klapa-kartolina-i-klapa-kase-windsor-2022\/'><img decoding=\"async\" width=\"150\" height=\"150\" src=\"https:\/\/virtualnimuzej.aspira.hr\/wp-content\/uploads\/2022\/12\/205-Klapa-Kartolina-i-Klapa-Kase-Windsor-2022-150x150.jpg\" class=\"attachment-thumbnail size-thumbnail\" alt=\"\" srcset=\"https:\/\/virtualnimuzej.aspira.hr\/wp-content\/uploads\/2022\/12\/205-Klapa-Kartolina-i-Klapa-Kase-Windsor-2022-66x66.jpg 66w, https:\/\/virtualnimuzej.aspira.hr\/wp-content\/uploads\/2022\/12\/205-Klapa-Kartolina-i-Klapa-Kase-Windsor-2022-150x150.jpg 150w\" sizes=\"(max-width: 150px) 100vw, 150px\" \/><\/a>\n\t\t\t<\/dt><\/dl><br style=\"clear: both\" \/><dl class='gallery-item'>\n\t\t\t<dt class='gallery-icon portrait'>\n\t\t\t\t<a data-rel=\"iLightbox[postimages]\" data-title=\"207 Klapa Kartolina Brampton 2022\" data-caption=\"Klapa Kartolina en Brampton  2022\" href='https:\/\/virtualnimuzej.aspira.hr\/es\/la-klapa-kartolina\/207-klapa-kartolina-brampton-2022\/'><img decoding=\"async\" width=\"150\" height=\"150\" src=\"https:\/\/virtualnimuzej.aspira.hr\/wp-content\/uploads\/2022\/12\/207-Klapa-Kartolina-Brampton-2022-150x150.jpg\" class=\"attachment-thumbnail size-thumbnail\" alt=\"\" aria-describedby=\"gallery-1-8501\" srcset=\"https:\/\/virtualnimuzej.aspira.hr\/wp-content\/uploads\/2022\/12\/207-Klapa-Kartolina-Brampton-2022-66x66.jpg 66w, https:\/\/virtualnimuzej.aspira.hr\/wp-content\/uploads\/2022\/12\/207-Klapa-Kartolina-Brampton-2022-150x150.jpg 150w\" sizes=\"(max-width: 150px) 100vw, 150px\" \/><\/a>\n\t\t\t<\/dt>\n\t\t\t\t<dd class='wp-caption-text gallery-caption' id='gallery-1-8501'>\n\t\t\t\tKlapa Kartolina en Brampton  2022\n\t\t\t\t<\/dd><\/dl><dl class='gallery-item'>\n\t\t\t<dt class='gallery-icon landscape'>\n\t\t\t\t<a data-rel=\"iLightbox[postimages]\" data-title=\"206 Klapa Kartolina, Fritule i Klapa Ka\u0161e Windsor 2022\" data-caption=\"\" href='https:\/\/virtualnimuzej.aspira.hr\/es\/la-klapa-kartolina\/206-klapa-kartolina-fritule-i-klapa-kase-windsor-2022-2\/'><img decoding=\"async\" width=\"150\" height=\"150\" src=\"https:\/\/virtualnimuzej.aspira.hr\/wp-content\/uploads\/2022\/12\/206-Klapa-Kartolina-Fritule-i-Klapa-Kase-Windsor-2022-1-150x150.jpg\" class=\"attachment-thumbnail size-thumbnail\" alt=\"\" srcset=\"https:\/\/virtualnimuzej.aspira.hr\/wp-content\/uploads\/2022\/12\/206-Klapa-Kartolina-Fritule-i-Klapa-Kase-Windsor-2022-1-66x66.jpg 66w, https:\/\/virtualnimuzej.aspira.hr\/wp-content\/uploads\/2022\/12\/206-Klapa-Kartolina-Fritule-i-Klapa-Kase-Windsor-2022-1-150x150.jpg 150w\" sizes=\"(max-width: 150px) 100vw, 150px\" \/><\/a>\n\t\t\t<\/dt><\/dl><dl class='gallery-item'>\n\t\t\t<dt class='gallery-icon landscape'>\n\t\t\t\t<a data-rel=\"iLightbox[postimages]\" data-title=\"208 Klapa Kartolina Brampton 2022\" data-caption=\"\" href='https:\/\/virtualnimuzej.aspira.hr\/es\/la-klapa-kartolina\/208-klapa-kartolina-brampton-2022-2\/'><img decoding=\"async\" width=\"150\" height=\"150\" src=\"https:\/\/virtualnimuzej.aspira.hr\/wp-content\/uploads\/2022\/12\/208-Klapa-Kartolina-Brampton-2022-1-150x150.jpg\" class=\"attachment-thumbnail size-thumbnail\" alt=\"\" srcset=\"https:\/\/virtualnimuzej.aspira.hr\/wp-content\/uploads\/2022\/12\/208-Klapa-Kartolina-Brampton-2022-1-66x66.jpg 66w, https:\/\/virtualnimuzej.aspira.hr\/wp-content\/uploads\/2022\/12\/208-Klapa-Kartolina-Brampton-2022-1-150x150.jpg 150w\" sizes=\"(max-width: 150px) 100vw, 150px\" \/><\/a>\n\t\t\t<\/dt><\/dl><br style=\"clear: both\" \/>\n\t\t<\/div>\n\n<p>&nbsp;<\/p>\n<p>Vi\u0161nja y Zoran Tijardovi\u0107<\/p>\n","protected":false},"excerpt":{"rendered":"<p>&nbsp; \u201cKlapa Kartolina\u201d es una klapa (a capella cantadores) mixta de seis miembros, activa desde 2013, y est\u00e1 adscrita a la parroquia croata de St. Francisco de As\u00edsi en Windsor. [&hellip;]<\/p>\n","protected":false},"author":1,"featured_media":8477,"comment_status":"open","ping_status":"open","sticky":false,"template":"","format":"standard","meta":{"footnotes":""},"categories":[88],"tags":[],"class_list":["post-8476","post","type-post","status-publish","format-standard","has-post-thumbnail","hentry","category-canada-es"],"yoast_head":"<!-- This site is optimized with the Yoast SEO plugin v20.7 - https:\/\/yoast.com\/wordpress\/plugins\/seo\/ -->\n<title>La &quot;Klapa Kartolina&quot; - Aspira Virtualni Muzej iseljeni\u0161tva Dalmacije<\/title>\n<meta name=\"robots\" content=\"index, follow, max-snippet:-1, max-image-preview:large, max-video-preview:-1\" \/>\n<link rel=\"canonical\" href=\"https:\/\/virtualnimuzej.aspira.hr\/es\/la-klapa-kartolina\/\" \/>\n<meta property=\"og:locale\" content=\"es_ES\" \/>\n<meta property=\"og:type\" content=\"article\" \/>\n<meta property=\"og:title\" content=\"La &quot;Klapa Kartolina&quot; - Aspira Virtualni Muzej iseljeni\u0161tva Dalmacije\" \/>\n<meta property=\"og:description\" content=\"&nbsp; \u201cKlapa Kartolina\u201d es una klapa (a capella cantadores) mixta de seis miembros, activa desde 2013, y est\u00e1 adscrita a la parroquia croata de St. Francisco de As\u00edsi en Windsor. [&hellip;]\" \/>\n<meta property=\"og:url\" content=\"https:\/\/virtualnimuzej.aspira.hr\/es\/la-klapa-kartolina\/\" \/>\n<meta property=\"og:site_name\" content=\"Aspira Virtualni Muzej iseljeni\u0161tva Dalmacije\" \/>\n<meta property=\"article:published_time\" content=\"2022-12-14T18:18:21+00:00\" \/>\n<meta property=\"og:image\" content=\"https:\/\/virtualnimuzej.aspira.hr\/wp-content\/uploads\/2022\/12\/Caesars-Windsor-.jpg\" \/>\n\t<meta property=\"og:image:width\" content=\"1024\" \/>\n\t<meta property=\"og:image:height\" content=\"683\" \/>\n\t<meta property=\"og:image:type\" content=\"image\/jpeg\" \/>\n<meta name=\"author\" content=\"VmuzejAspira\" \/>\n<meta name=\"twitter:card\" content=\"summary_large_image\" \/>\n<meta name=\"twitter:label1\" content=\"Escrito por\" \/>\n\t<meta name=\"twitter:data1\" content=\"VmuzejAspira\" \/>\n\t<meta name=\"twitter:label2\" content=\"Tiempo de lectura\" \/>\n\t<meta name=\"twitter:data2\" content=\"2 minutos\" \/>\n<script type=\"application\/ld+json\" class=\"yoast-schema-graph\">{\"@context\":\"https:\/\/schema.org\",\"@graph\":[{\"@type\":\"WebPage\",\"@id\":\"https:\/\/virtualnimuzej.aspira.hr\/es\/la-klapa-kartolina\/\",\"url\":\"https:\/\/virtualnimuzej.aspira.hr\/es\/la-klapa-kartolina\/\",\"name\":\"La \\\"Klapa Kartolina\\\" - Aspira Virtualni Muzej iseljeni\u0161tva Dalmacije\",\"isPartOf\":{\"@id\":\"https:\/\/virtualnimuzej.aspira.hr\/#website\"},\"datePublished\":\"2022-12-14T18:18:21+00:00\",\"dateModified\":\"2022-12-14T18:18:21+00:00\",\"author\":{\"@id\":\"https:\/\/virtualnimuzej.aspira.hr\/#\/schema\/person\/8b28048370e78968988c04d6f1ba104d\"},\"breadcrumb\":{\"@id\":\"https:\/\/virtualnimuzej.aspira.hr\/es\/la-klapa-kartolina\/#breadcrumb\"},\"inLanguage\":\"es\",\"potentialAction\":[{\"@type\":\"ReadAction\",\"target\":[\"https:\/\/virtualnimuzej.aspira.hr\/es\/la-klapa-kartolina\/\"]}]},{\"@type\":\"BreadcrumbList\",\"@id\":\"https:\/\/virtualnimuzej.aspira.hr\/es\/la-klapa-kartolina\/#breadcrumb\",\"itemListElement\":[{\"@type\":\"ListItem\",\"position\":1,\"name\":\"Naslovna\",\"item\":\"https:\/\/virtualnimuzej.aspira.hr\/es\/\"},{\"@type\":\"ListItem\",\"position\":2,\"name\":\"La &#8220;Klapa Kartolina&#8221;\"}]},{\"@type\":\"WebSite\",\"@id\":\"https:\/\/virtualnimuzej.aspira.hr\/#website\",\"url\":\"https:\/\/virtualnimuzej.aspira.hr\/\",\"name\":\"Aspira Virtualni Muzej iseljeni\u0161tva Dalmacije\",\"description\":\"Muzej iseljeni\u0161tva je zami\u0161ljen kao mjesto skupljanja i prezentacije gra\u0111e o hrvatskom iseljeni\u0161tvu i povijesti iseljavanja koja nikada nije bila dovoljno istra\u017eena.\",\"potentialAction\":[{\"@type\":\"SearchAction\",\"target\":{\"@type\":\"EntryPoint\",\"urlTemplate\":\"https:\/\/virtualnimuzej.aspira.hr\/?s={search_term_string}\"},\"query-input\":\"required name=search_term_string\"}],\"inLanguage\":\"es\"},{\"@type\":\"Person\",\"@id\":\"https:\/\/virtualnimuzej.aspira.hr\/#\/schema\/person\/8b28048370e78968988c04d6f1ba104d\",\"name\":\"VmuzejAspira\",\"image\":{\"@type\":\"ImageObject\",\"inLanguage\":\"es\",\"@id\":\"https:\/\/virtualnimuzej.aspira.hr\/#\/schema\/person\/image\/\",\"url\":\"https:\/\/secure.gravatar.com\/avatar\/cfa7124a34eec5233efffe1e8fb23c18bb83abdb6129e8f47c9144109613a228?s=96&d=mm&r=g\",\"contentUrl\":\"https:\/\/secure.gravatar.com\/avatar\/cfa7124a34eec5233efffe1e8fb23c18bb83abdb6129e8f47c9144109613a228?s=96&d=mm&r=g\",\"caption\":\"VmuzejAspira\"},\"sameAs\":[\"http:\/\/virtualnimuzej.aspira.hr\"],\"url\":\"https:\/\/virtualnimuzej.aspira.hr\/es\/author\/vmuzejaspira\/\"}]}<\/script>\n<!-- \/ Yoast SEO plugin. -->","yoast_head_json":{"title":"La \"Klapa Kartolina\" - Aspira Virtualni Muzej iseljeni\u0161tva Dalmacije","robots":{"index":"index","follow":"follow","max-snippet":"max-snippet:-1","max-image-preview":"max-image-preview:large","max-video-preview":"max-video-preview:-1"},"canonical":"https:\/\/virtualnimuzej.aspira.hr\/es\/la-klapa-kartolina\/","og_locale":"es_ES","og_type":"article","og_title":"La \"Klapa Kartolina\" - Aspira Virtualni Muzej iseljeni\u0161tva Dalmacije","og_description":"&nbsp; \u201cKlapa Kartolina\u201d es una klapa (a capella cantadores) mixta de seis miembros, activa desde 2013, y est\u00e1 adscrita a la parroquia croata de St. Francisco de As\u00edsi en Windsor. [&hellip;]","og_url":"https:\/\/virtualnimuzej.aspira.hr\/es\/la-klapa-kartolina\/","og_site_name":"Aspira Virtualni Muzej iseljeni\u0161tva Dalmacije","article_published_time":"2022-12-14T18:18:21+00:00","og_image":[{"width":1024,"height":683,"url":"https:\/\/virtualnimuzej.aspira.hr\/wp-content\/uploads\/2022\/12\/Caesars-Windsor-.jpg","type":"image\/jpeg"}],"author":"VmuzejAspira","twitter_card":"summary_large_image","twitter_misc":{"Escrito por":"VmuzejAspira","Tiempo de lectura":"2 minutos"},"schema":{"@context":"https:\/\/schema.org","@graph":[{"@type":"WebPage","@id":"https:\/\/virtualnimuzej.aspira.hr\/es\/la-klapa-kartolina\/","url":"https:\/\/virtualnimuzej.aspira.hr\/es\/la-klapa-kartolina\/","name":"La \"Klapa Kartolina\" - Aspira Virtualni Muzej iseljeni\u0161tva Dalmacije","isPartOf":{"@id":"https:\/\/virtualnimuzej.aspira.hr\/#website"},"datePublished":"2022-12-14T18:18:21+00:00","dateModified":"2022-12-14T18:18:21+00:00","author":{"@id":"https:\/\/virtualnimuzej.aspira.hr\/#\/schema\/person\/8b28048370e78968988c04d6f1ba104d"},"breadcrumb":{"@id":"https:\/\/virtualnimuzej.aspira.hr\/es\/la-klapa-kartolina\/#breadcrumb"},"inLanguage":"es","potentialAction":[{"@type":"ReadAction","target":["https:\/\/virtualnimuzej.aspira.hr\/es\/la-klapa-kartolina\/"]}]},{"@type":"BreadcrumbList","@id":"https:\/\/virtualnimuzej.aspira.hr\/es\/la-klapa-kartolina\/#breadcrumb","itemListElement":[{"@type":"ListItem","position":1,"name":"Naslovna","item":"https:\/\/virtualnimuzej.aspira.hr\/es\/"},{"@type":"ListItem","position":2,"name":"La &#8220;Klapa Kartolina&#8221;"}]},{"@type":"WebSite","@id":"https:\/\/virtualnimuzej.aspira.hr\/#website","url":"https:\/\/virtualnimuzej.aspira.hr\/","name":"Aspira Virtualni Muzej iseljeni\u0161tva Dalmacije","description":"Muzej iseljeni\u0161tva je zami\u0161ljen kao mjesto skupljanja i prezentacije gra\u0111e o hrvatskom iseljeni\u0161tvu i povijesti iseljavanja koja nikada nije bila dovoljno istra\u017eena.","potentialAction":[{"@type":"SearchAction","target":{"@type":"EntryPoint","urlTemplate":"https:\/\/virtualnimuzej.aspira.hr\/?s={search_term_string}"},"query-input":"required name=search_term_string"}],"inLanguage":"es"},{"@type":"Person","@id":"https:\/\/virtualnimuzej.aspira.hr\/#\/schema\/person\/8b28048370e78968988c04d6f1ba104d","name":"VmuzejAspira","image":{"@type":"ImageObject","inLanguage":"es","@id":"https:\/\/virtualnimuzej.aspira.hr\/#\/schema\/person\/image\/","url":"https:\/\/secure.gravatar.com\/avatar\/cfa7124a34eec5233efffe1e8fb23c18bb83abdb6129e8f47c9144109613a228?s=96&d=mm&r=g","contentUrl":"https:\/\/secure.gravatar.com\/avatar\/cfa7124a34eec5233efffe1e8fb23c18bb83abdb6129e8f47c9144109613a228?s=96&d=mm&r=g","caption":"VmuzejAspira"},"sameAs":["http:\/\/virtualnimuzej.aspira.hr"],"url":"https:\/\/virtualnimuzej.aspira.hr\/es\/author\/vmuzejaspira\/"}]}},"_links":{"self":[{"href":"https:\/\/virtualnimuzej.aspira.hr\/es\/wp-json\/wp\/v2\/posts\/8476","targetHints":{"allow":["GET"]}}],"collection":[{"href":"https:\/\/virtualnimuzej.aspira.hr\/es\/wp-json\/wp\/v2\/posts"}],"about":[{"href":"https:\/\/virtualnimuzej.aspira.hr\/es\/wp-json\/wp\/v2\/types\/post"}],"author":[{"embeddable":true,"href":"https:\/\/virtualnimuzej.aspira.hr\/es\/wp-json\/wp\/v2\/users\/1"}],"replies":[{"embeddable":true,"href":"https:\/\/virtualnimuzej.aspira.hr\/es\/wp-json\/wp\/v2\/comments?post=8476"}],"version-history":[{"count":1,"href":"https:\/\/virtualnimuzej.aspira.hr\/es\/wp-json\/wp\/v2\/posts\/8476\/revisions"}],"predecessor-version":[{"id":8513,"href":"https:\/\/virtualnimuzej.aspira.hr\/es\/wp-json\/wp\/v2\/posts\/8476\/revisions\/8513"}],"wp:featuredmedia":[{"embeddable":true,"href":"https:\/\/virtualnimuzej.aspira.hr\/es\/wp-json\/wp\/v2\/media\/8477"}],"wp:attachment":[{"href":"https:\/\/virtualnimuzej.aspira.hr\/es\/wp-json\/wp\/v2\/media?parent=8476"}],"wp:term":[{"taxonomy":"category","embeddable":true,"href":"https:\/\/virtualnimuzej.aspira.hr\/es\/wp-json\/wp\/v2\/categories?post=8476"},{"taxonomy":"post_tag","embeddable":true,"href":"https:\/\/virtualnimuzej.aspira.hr\/es\/wp-json\/wp\/v2\/tags?post=8476"}],"curies":[{"name":"wp","href":"https:\/\/api.w.org\/{rel}","templated":true}]}}